{"id":9745,"date":"2010-05-30T16:14:00","date_gmt":"2010-05-30T16:14:00","guid":{"rendered":"http:\/\/formalprision.info\/2010\/05\/30\/ladron-de-cobre-tras-las-rejas\/"},"modified":"2015-06-03T09:02:15","modified_gmt":"2015-06-03T09:02:15","slug":"ladron-de-cobre-tras-las-rejas","status":"publish","type":"post","link":"https:\/\/formalprision.com\/?p=9745","title":{"rendered":"Ladr\u00f3n de cobre tras las rejas"},"content":{"rendered":"<p><a href=\"http:\/\/4.bp.blogspot.com\/_QwiJz8zwaOw\/TAKPh7fgujI\/AAAAAAAAApM\/dmebUetd0qo\/s1600\/MIJANGOS_MARTINEZ_MANUEL-F.JPG\"><img decoding=\"async\" id=\"BLOGGER_PHOTO_ID_5477097909904259634\" style=\"FLOAT: left; MARGIN: 0px 10px 10px 0px; WIDTH: 320px; CURSOR: hand; HEIGHT: 240px\" alt=\"\" src=\"http:\/\/formalprision.com\/wp-content\/uploads\/2010\/05\/MIJANGOS_MARTINEZ_MANUEL-F.jpg\" border=\"0\" \/><\/a><\/p>\n<div>Elementos de la Polic\u00eda Municipal de M\u00e9rida detuvieron ayer a Manuel Jes\u00fas Mijangos Mart\u00ednez por robar tuber\u00eda de cobre.<\/div>\n<p><\/p>\n<div>Los hechos se registraron cuando al encontrarse los agentes asignados a la unidad 240, transitando en la cale 56 entre 49 y 51, sali\u00f3 de uno de los condominios, Rub\u00ed Mart\u00edn G\u00f3mez, quien solicit\u00f3 apoyo policiaco, informando que en el interior hab\u00eda una persona que se estaba robando la tuber\u00eda de cobre.<\/div>\n<p><\/p>\n<div>Al realizar los polic\u00edas un recorrido en el interior del lugar, localizaron, en uno de los pasillos del edificio, a Mijangos Mart\u00ednez, mismo quien en esos momentos estaba tratando de arrancar dos tuber\u00edas de cobre que hab\u00eda en el pasillo.<\/div>\n<p><\/p>\n<div>Por tales motivos se procedi\u00f3 a la detenci\u00f3n de Mijangos Mart\u00ednez para su traslado a la C\u00e1rcel Municipal y su posterior remisi\u00f3n al Ministerio P\u00fablico, lugar al que Mart\u00edn G\u00f3mez, manifest\u00f3 acudir a interponer la denuncia correspondiente. <\/div>\n","protected":false},"excerpt":{"rendered":"<p>Elementos de la Polic\u00eda Municipal de M\u00e9rida detuvieron ayer a Manuel Jes\u00fas Mijangos Mart\u00ednez por robar tuber\u00eda de cobre. Los hechos se registraron cuando al encontrarse los agentes asignados a<\/p>\n","protected":false},"author":1,"featured_media":29224,"comment_status":"open","ping_status":"open","sticky":false,"template":"","format":"standard","meta":{"jetpack_post_was_ever_published":false,"_jetpack_newsletter_access":"","_jetpack_dont_email_post_to_subs":false,"_jetpack_newsletter_tier_id":0,"_jetpack_memberships_contains_paywalled_content":false,"_jetpack_memberships_contains_paid_content":false,"footnotes":"","jetpack_publicize_message":"","jetpack_publicize_feature_enabled":true,"jetpack_social_post_already_shared":false,"jetpack_social_options":{"image_generator_settings":{"template":"highway","default_image_id":0,"font":"","enabled":false},"version":2}},"categories":[57,1],"tags":[],"class_list":["post-9745","post","type-post","status-publish","format-standard","has-post-thumbnail","hentry","category-ratas","category-sin-categoria"],"jetpack_publicize_connections":[],"jetpack_featured_media_url":"https:\/\/formalprision.com\/wp-content\/uploads\/2010\/05\/MIJANGOS_MARTINEZ_MANUEL-F.jpg","jetpack_sharing_enabled":true,"jetpack_shortlink":"https:\/\/wp.me\/p6id8p-2xb","_links":{"self":[{"href":"https:\/\/formalprision.com\/index.php?rest_route=\/wp\/v2\/posts\/9745","targetHints":{"allow":["GET"]}}],"collection":[{"href":"https:\/\/formalprision.com\/index.php?rest_route=\/wp\/v2\/posts"}],"about":[{"href":"https:\/\/formalprision.com\/index.php?rest_route=\/wp\/v2\/types\/post"}],"author":[{"embeddable":true,"href":"https:\/\/formalprision.com\/index.php?rest_route=\/wp\/v2\/users\/1"}],"replies":[{"embeddable":true,"href":"https:\/\/formalprision.com\/index.php?rest_route=%2Fwp%2Fv2%2Fcomments&post=9745"}],"version-history":[{"count":0,"href":"https:\/\/formalprision.com\/index.php?rest_route=\/wp\/v2\/posts\/9745\/revisions"}],"wp:featuredmedia":[{"embeddable":true,"href":"https:\/\/formalprision.com\/index.php?rest_route=\/wp\/v2\/media\/29224"}],"wp:attachment":[{"href":"https:\/\/formalprision.com\/index.php?rest_route=%2Fwp%2Fv2%2Fmedia&parent=9745"}],"wp:term":[{"taxonomy":"category","embeddable":true,"href":"https:\/\/formalprision.com\/index.php?rest_route=%2Fwp%2Fv2%2Fcategories&post=9745"},{"taxonomy":"post_tag","embeddable":true,"href":"https:\/\/formalprision.com\/index.php?rest_route=%2Fwp%2Fv2%2Ftags&post=9745"}],"curies":[{"name":"wp","href":"https:\/\/api.w.org\/{rel}","templated":true}]}}