{"id":9751,"date":"2010-05-28T04:30:00","date_gmt":"2010-05-28T04:30:00","guid":{"rendered":"http:\/\/formalprision.info\/2010\/05\/28\/abuso-de-la-hija-de-su-patron\/"},"modified":"2015-06-03T09:02:16","modified_gmt":"2015-06-03T09:02:16","slug":"abuso-de-la-hija-de-su-patron","status":"publish","type":"post","link":"https:\/\/formalprision.com\/?p=9751","title":{"rendered":"Abus\u00f3 de la hija de su patr\u00f3n"},"content":{"rendered":"<p><a href=\"http:\/\/2.bp.blogspot.com\/_QwiJz8zwaOw\/S_9LPzrtV2I\/AAAAAAAAAok\/se3pX6aoWf0\/s1600\/violoncello.JPG\"><img decoding=\"async\" id=\"BLOGGER_PHOTO_ID_5476178406849468258\" style=\"FLOAT: left; MARGIN: 0px 10px 10px 0px; WIDTH: 200px; CURSOR: hand; HEIGHT: 320px\" alt=\"\" src=\"http:\/\/formalprision.com\/wp-content\/uploads\/2010\/05\/violoncello.jpg\" border=\"0\" \/><\/a><\/p>\n<div>Por manosear a una menor de seis a\u00f1os de edad, la Procuradur\u00eda General de Justicia del Estado detuvo y consing\u00f3 al Penal a Jos\u00e9 Luis Antonio Fuentes.<\/div>\n<p><\/p>\n<div>Se le acusa de abuso sexual y da\u00f1o en propiedad ajena, denunciado el primero por K. R. C. y el segundo por Jes\u00fas Santiago Estrella Dzul, suboficial Encargado de Turno de la Direcci\u00f3n de Seguridad P\u00fablica de Kanas\u00edn.<br \/>En los datos que conforman la averiguaci\u00f3n previa se indica que el ahora detenido es empleado del progenitor de la v\u00edctima, a quien manoseo en el interior de una combi en la colonia Mulchech\u00e9n de Kanas\u00edn.<br \/>El ataque ocurri\u00f3 en la calle 75 entre 62 y 64 de la referida colonia, en donde la menor se encontraba jugando con unas amiguitas cuando el indiciado, quien habita en el mismo domicilio que la agraviada, comenz\u00f3 a llamarla para que fuera con \u00e9l.<br \/>Debido a que la peque\u00f1a hizo caso omiso al llamado del sujeto, \u00e9ste se aproxim\u00f3 a ella y la jal\u00f3 de la mano para conducirla hasta una combi, propiedad del padre de la menor, la cual se encontraba estacionada en el lugar.<br \/>En el interior del veh\u00edculo, Jos\u00e9 Luis Fuentes comenz\u00f3 a tocar a la ni\u00f1a en sus partes \u00edntimas, pero en ese momento fue sorprendido por el progenitor de la afectada, quien report\u00f3 lo hechos a la Polic\u00eda Municipal de dicha localidad.<br \/>Cuando los agentes arribaron al lugar el inculpado reaccion\u00f3 de manera violenta y, en su af\u00e1n de evitar la detenci\u00f3n, da\u00f1\u00f3 un escudo de policarbonato de los agentes polic\u00edacos, sin embargo, los elementos lograron someterlo y luego de detenerlo lo remitieron al Ministerio P\u00fablico.<br \/>El d\u00eda de hoy el torvo sujeto qued\u00f3 a disposici\u00f3n de un juez penal tras ser enviado al Centro de Readaptaci\u00f3n Social del Estado. <\/div>\n","protected":false},"excerpt":{"rendered":"<p>Por manosear a una menor de seis a\u00f1os de edad, la Procuradur\u00eda General de Justicia del Estado detuvo y consing\u00f3 al Penal a Jos\u00e9 Luis Antonio Fuentes. Se le acusa<\/p>\n","protected":false},"author":1,"featured_media":29236,"comment_status":"open","ping_status":"open","sticky":false,"template":"","format":"standard","meta":{"jetpack_post_was_ever_published":false,"_jetpack_newsletter_access":"","_jetpack_dont_email_post_to_subs":false,"_jetpack_newsletter_tier_id":0,"_jetpack_memberships_contains_paywalled_content":false,"_jetpack_memberships_contains_paid_content":false,"footnotes":"","jetpack_publicize_message":"","jetpack_publicize_feature_enabled":true,"jetpack_social_post_already_shared":false,"jetpack_social_options":{"image_generator_settings":{"template":"highway","default_image_id":0,"font":"","enabled":false},"version":2}},"categories":[1,55],"tags":[],"class_list":["post-9751","post","type-post","status-publish","format-standard","has-post-thumbnail","hentry","category-sin-categoria","category-violines"],"jetpack_publicize_connections":[],"jetpack_featured_media_url":"https:\/\/formalprision.com\/wp-content\/uploads\/2010\/05\/violoncello.jpg","jetpack_sharing_enabled":true,"jetpack_shortlink":"https:\/\/wp.me\/p6id8p-2xh","_links":{"self":[{"href":"https:\/\/formalprision.com\/index.php?rest_route=\/wp\/v2\/posts\/9751","targetHints":{"allow":["GET"]}}],"collection":[{"href":"https:\/\/formalprision.com\/index.php?rest_route=\/wp\/v2\/posts"}],"about":[{"href":"https:\/\/formalprision.com\/index.php?rest_route=\/wp\/v2\/types\/post"}],"author":[{"embeddable":true,"href":"https:\/\/formalprision.com\/index.php?rest_route=\/wp\/v2\/users\/1"}],"replies":[{"embeddable":true,"href":"https:\/\/formalprision.com\/index.php?rest_route=%2Fwp%2Fv2%2Fcomments&post=9751"}],"version-history":[{"count":0,"href":"https:\/\/formalprision.com\/index.php?rest_route=\/wp\/v2\/posts\/9751\/revisions"}],"wp:featuredmedia":[{"embeddable":true,"href":"https:\/\/formalprision.com\/index.php?rest_route=\/wp\/v2\/media\/29236"}],"wp:attachment":[{"href":"https:\/\/formalprision.com\/index.php?rest_route=%2Fwp%2Fv2%2Fmedia&parent=9751"}],"wp:term":[{"taxonomy":"category","embeddable":true,"href":"https:\/\/formalprision.com\/index.php?rest_route=%2Fwp%2Fv2%2Fcategories&post=9751"},{"taxonomy":"post_tag","embeddable":true,"href":"https:\/\/formalprision.com\/index.php?rest_route=%2Fwp%2Fv2%2Ftags&post=9751"}],"curies":[{"name":"wp","href":"https:\/\/api.w.org\/{rel}","templated":true}]}}