{"id":9752,"date":"2010-05-28T04:26:00","date_gmt":"2010-05-28T04:26:00","guid":{"rendered":"http:\/\/formalprision.info\/2010\/05\/28\/le-caen-mal-los-mototaxistas\/"},"modified":"2015-06-03T09:02:16","modified_gmt":"2015-06-03T09:02:16","slug":"le-caen-mal-los-mototaxistas","status":"publish","type":"post","link":"https:\/\/formalprision.com\/?p=9752","title":{"rendered":"Le caen mal los mototaxistas"},"content":{"rendered":"<p><a href=\"http:\/\/1.bp.blogspot.com\/_QwiJz8zwaOw\/S_9HCBPzsuI\/AAAAAAAAAoU\/9O0Efb4rQZM\/s1600\/taixisista.jpg\"><img decoding=\"async\" id=\"BLOGGER_PHOTO_ID_5476173771925861090\" style=\"FLOAT: left; MARGIN: 0px 10px 10px 0px; WIDTH: 320px; CURSOR: hand; HEIGHT: 214px\" alt=\"\" src=\"http:\/\/formalprision.com\/wp-content\/uploads\/2010\/05\/taixisista.jpg\" border=\"0\" \/><\/a><\/p>\n<div>Adem\u00e1s de que se negaba a pagar el servicio de mototaxi, Pedro Adolfo Ix Xool, de 34 a\u00f1os de edad, agredi\u00f3 al conductor de dicho transporte y ocasion\u00f3 destrozos en el automotor, por lo que el d\u00eda de ayer fue capturado por agentes de la Polic\u00eda Judicial en cumplimiento de una orden de aprehensi\u00f3n otorgada por el Juez tercero Penal por el delito de da\u00f1o en propiedad ajena y lesiones, denunciado por Filiberto C\u00e1rdenas Mart\u00edn.<br \/>En las indagatorias del caso se asienta que Ix Xool solicit\u00f3 un servicio de mototaxi al denunciante, a quien se neg\u00f3 a pagarle luego de que lo llev\u00f3 a su domicilio, pero como un familiar cubri\u00f3 el monto del servicio, \u00e9l sujeto se violent\u00f3 y lesion\u00f3 al conductor, adem\u00e1s de que le da\u00f1\u00f3 su veh\u00edculo.<br \/>Los hechos ocurrieron el 24 de agosto del 2008, cuando el inculpado sali\u00f3 de una sala de fiestas ubicada en la calle 21 por 24 de la poblaci\u00f3n de Muna y vio que el denunciante se encontraba en la puerta del lugar con su mototaxi, por lo que solicit\u00f3 el servicio para que lo trasladaran a su domicilio junto con su familia.<br \/>Al llegar al predio del indiciado, ubicado en colonia San Sebasti\u00e1n de la referida localidad, el pasajero se neg\u00f3 a pagar los 20 pesos del servicio y como uno de sus familiares lo hizo, el sujeto se enoj\u00f3 y golpe\u00f3 al conductor hasta tirarlo al suelo, ocasion\u00e1ndole lesiones que tardan en sanar menos de quince d\u00edas.<br \/>Tras agredir al denunciante, Ix Xool da\u00f1\u00f3 la moto de la marca Kasuki 125, la cual tiene adaptado una estructura de metal con techo de lona, a la que le pate\u00f3 la camba de la llanta delantera y el techo de lona, adem\u00e1s de que le verti\u00f3 cemento al motor del veh\u00edculo averi\u00e1ndolo.<br \/>Ante las agresiones y los da\u00f1os de los que fue v\u00edctima, C\u00e1rdenas Mart\u00edn interpuso su denuncia ante las autoridades ministeriales y su acci\u00f3n deriv\u00f3 en la orden de aprehensi\u00f3n en contra de Pedro Adolfo Ix, quien ya se encuentra tras las rejas del penal para que responda por sus actos. <\/div>\n","protected":false},"excerpt":{"rendered":"<p>Adem\u00e1s de que se negaba a pagar el servicio de mototaxi, Pedro Adolfo Ix Xool, de 34 a\u00f1os de edad, agredi\u00f3 al conductor de dicho transporte y ocasion\u00f3 destrozos en<\/p>\n","protected":false},"author":1,"featured_media":29238,"comment_status":"open","ping_status":"open","sticky":false,"template":"","format":"standard","meta":{"jetpack_post_was_ever_published":false,"_jetpack_newsletter_access":"","_jetpack_dont_email_post_to_subs":false,"_jetpack_newsletter_tier_id":0,"_jetpack_memberships_contains_paywalled_content":false,"_jetpack_memberships_contains_paid_content":false,"footnotes":"","jetpack_publicize_message":"","jetpack_publicize_feature_enabled":true,"jetpack_social_post_already_shared":false,"jetpack_social_options":{"image_generator_settings":{"template":"highway","default_image_id":0,"font":"","enabled":false},"version":2}},"categories":[1,53],"tags":[],"class_list":["post-9752","post","type-post","status-publish","format-standard","has-post-thumbnail","hentry","category-sin-categoria","category-yo-no-fui"],"jetpack_publicize_connections":[],"jetpack_featured_media_url":"https:\/\/formalprision.com\/wp-content\/uploads\/2010\/05\/taixisista.jpg","jetpack_sharing_enabled":true,"jetpack_shortlink":"https:\/\/wp.me\/p6id8p-2xi","_links":{"self":[{"href":"https:\/\/formalprision.com\/index.php?rest_route=\/wp\/v2\/posts\/9752","targetHints":{"allow":["GET"]}}],"collection":[{"href":"https:\/\/formalprision.com\/index.php?rest_route=\/wp\/v2\/posts"}],"about":[{"href":"https:\/\/formalprision.com\/index.php?rest_route=\/wp\/v2\/types\/post"}],"author":[{"embeddable":true,"href":"https:\/\/formalprision.com\/index.php?rest_route=\/wp\/v2\/users\/1"}],"replies":[{"embeddable":true,"href":"https:\/\/formalprision.com\/index.php?rest_route=%2Fwp%2Fv2%2Fcomments&post=9752"}],"version-history":[{"count":0,"href":"https:\/\/formalprision.com\/index.php?rest_route=\/wp\/v2\/posts\/9752\/revisions"}],"wp:featuredmedia":[{"embeddable":true,"href":"https:\/\/formalprision.com\/index.php?rest_route=\/wp\/v2\/media\/29238"}],"wp:attachment":[{"href":"https:\/\/formalprision.com\/index.php?rest_route=%2Fwp%2Fv2%2Fmedia&parent=9752"}],"wp:term":[{"taxonomy":"category","embeddable":true,"href":"https:\/\/formalprision.com\/index.php?rest_route=%2Fwp%2Fv2%2Fcategories&post=9752"},{"taxonomy":"post_tag","embeddable":true,"href":"https:\/\/formalprision.com\/index.php?rest_route=%2Fwp%2Fv2%2Ftags&post=9752"}],"curies":[{"name":"wp","href":"https:\/\/api.w.org\/{rel}","templated":true}]}}