{"id":9753,"date":"2010-05-28T04:22:00","date_gmt":"2010-05-28T04:22:00","guid":{"rendered":"http:\/\/formalprision.info\/2010\/05\/28\/clausura-curso-especial-la-pgje\/"},"modified":"2015-06-03T09:02:16","modified_gmt":"2015-06-03T09:02:16","slug":"clausura-curso-especial-la-pgje","status":"publish","type":"post","link":"https:\/\/formalprision.com\/?p=9753","title":{"rendered":"Clausura curso especial la PGJE"},"content":{"rendered":"<p><a href=\"http:\/\/2.bp.blogspot.com\/_QwiJz8zwaOw\/S_9F0--deBI\/AAAAAAAAAoM\/VePez1Kxy-A\/s1600\/curso+curso.JPG\"><img decoding=\"async\" id=\"BLOGGER_PHOTO_ID_5476172448466302994\" style=\"FLOAT: left; MARGIN: 0px 10px 10px 0px; WIDTH: 320px; CURSOR: hand; HEIGHT: 214px\" alt=\"\" src=\"http:\/\/formalprision.com\/wp-content\/uploads\/2010\/05\/curso-curso.jpg\" border=\"0\" \/><\/a><\/p>\n<div>En evento llevado a efecto a las dos de la tarde de hoy, la Procuradur\u00eda General de Justicia del Estado, dio por concluido el segundo m\u00f3dulo del curso-taller denominado \u201cTaller Avanzado de T\u00e9cnicas Policiales para Fuerzas Especiales II\u201d, del cual se imparti\u00f3 el primer modulo en enero del presente a\u00f1o.<br \/>De acuerdo con las necesidades de detecci\u00f3n realizadas con los lineamientos nacionales de capacitaci\u00f3n especializada, el curso estuvo dirigido a polic\u00edas judiciales y preventivos pertenecientes al grupo de reacci\u00f3n de la Procuradur\u00eda General de Justicia y la Secretar\u00eda de Seguridad P\u00fablica con el fin de generar habilidades y conocimientos en los participantes que les permitan intervenir eficazmente en situaciones donde se requiera el uso de t\u00e1cticas policiales.<br \/>Este curso se imparti\u00f3 a un total de 33 elementos de esta Procuradur\u00eda General de Justicia y 17 elementos de la Secretar\u00eda de Seguridad P\u00fablica, del 24 al 28 de mayo del presente a\u00f1o, con una duraci\u00f3n de 40 horas, y entre los temas que se abordaron, se toc\u00f3 la detenci\u00f3n de veh\u00edculos de alto riesgo, T\u00e9cnicas de combate en corto, Formaci\u00f3n y trabajo de equipos en intervenciones y Tiro t\u00e1ctico en intervenciones.<br \/>La clausura se llev\u00f3 a efecto en el auditorio Profesor \u201cErnesto Abreu Gomez\u201d de la PGJE y la instrucci\u00f3n estuvo a cargo de Oficiales de la Paz, Unidad especializada de E.U.A. para intervenci\u00f3n en incidentes cr\u00edticos.<br \/>En representaci\u00f3n del Procurador General de Justicia, Lic. H\u00e9ctor Cabrera Rivero, estuvo el Lic. Friedman Peniche Rivero, Subprocurador de Averiguaciones Previas y Control de Procesos, quien en su discurso de clausura se refiri\u00f3 a la importancia de la capacitaci\u00f3n y la preparaci\u00f3n profesional para contribuir a la seguridad de los elementos y la optimizaci\u00f3n de sus funciones.<br \/>Del mismo modo indic\u00f3 que a causa del incremento de los \u00edndices de violencia en el pa\u00eds, es indispensable la formaci\u00f3n constante y el entrenamiento cotidiano en el manejo de t\u00e9cnicas y t\u00e1cticas adecuadas, pues esto permite a los servidores p\u00fablicos resultados m\u00e1s satisfactorios, efectivos y reducir el riesgo de lesiones o p\u00e9rdidas humanas durante los operativos, procurando en todo momento el cuidado de su integridad y la de los civiles en general.<br \/>Acompa\u00f1aron en el presidium al Subprocurador, el Cmdte. Carlos Enrique Cant\u00f3n y Maga\u00f1a, Director de la Polic\u00eda Judicial; Marcos Cabrera en representaci\u00f3n de Gregory Segas, C\u00f3nsul de la Embajada de EU, el Mtro. Randy Green, instructor del curso y el Lic. Carlos Mart\u00edn Pacheco Medina, Secretario del Consejo Estatal de Seguridad P\u00fablica, adem\u00e1s de los instructores, Oficial Emery Esse, Agente Paul Vick y Robert Dowling.<br \/>Al t\u00e9rmino del evento se entregaron constancias a los participantes y a los instructores del curso por el valioso tiempo invertido ya que esto permitir\u00e1 el perfeccionamiento de las t\u00e9cnicas policiales de los agentes, quienes herramientas tan valiosas como esta, podr\u00e1n cumplir con su deber dentro de la \u00e9tica y el respeto a los derechos humanos. <\/div>\n","protected":false},"excerpt":{"rendered":"<p>En evento llevado a efecto a las dos de la tarde de hoy, la Procuradur\u00eda General de Justicia del Estado, dio por concluido el segundo m\u00f3dulo del curso-taller denominado \u201cTaller<\/p>\n","protected":false},"author":1,"featured_media":29240,"comment_status":"open","ping_status":"open","sticky":false,"template":"","format":"standard","meta":{"jetpack_post_was_ever_published":false,"_jetpack_newsletter_access":"","_jetpack_dont_email_post_to_subs":false,"_jetpack_newsletter_tier_id":0,"_jetpack_memberships_contains_paywalled_content":false,"_jetpack_memberships_contains_paid_content":false,"footnotes":"","jetpack_publicize_message":"","jetpack_publicize_feature_enabled":true,"jetpack_social_post_already_shared":false,"jetpack_social_options":{"image_generator_settings":{"template":"highway","default_image_id":0,"font":"","enabled":false},"version":2}},"categories":[1,49],"tags":[],"class_list":["post-9753","post","type-post","status-publish","format-standard","has-post-thumbnail","hentry","category-sin-categoria","category-tocho-morocho"],"jetpack_publicize_connections":[],"jetpack_featured_media_url":"https:\/\/formalprision.com\/wp-content\/uploads\/2010\/05\/curso-curso.jpg","jetpack_sharing_enabled":true,"jetpack_shortlink":"https:\/\/wp.me\/p6id8p-2xj","_links":{"self":[{"href":"https:\/\/formalprision.com\/index.php?rest_route=\/wp\/v2\/posts\/9753","targetHints":{"allow":["GET"]}}],"collection":[{"href":"https:\/\/formalprision.com\/index.php?rest_route=\/wp\/v2\/posts"}],"about":[{"href":"https:\/\/formalprision.com\/index.php?rest_route=\/wp\/v2\/types\/post"}],"author":[{"embeddable":true,"href":"https:\/\/formalprision.com\/index.php?rest_route=\/wp\/v2\/users\/1"}],"replies":[{"embeddable":true,"href":"https:\/\/formalprision.com\/index.php?rest_route=%2Fwp%2Fv2%2Fcomments&post=9753"}],"version-history":[{"count":0,"href":"https:\/\/formalprision.com\/index.php?rest_route=\/wp\/v2\/posts\/9753\/revisions"}],"wp:featuredmedia":[{"embeddable":true,"href":"https:\/\/formalprision.com\/index.php?rest_route=\/wp\/v2\/media\/29240"}],"wp:attachment":[{"href":"https:\/\/formalprision.com\/index.php?rest_route=%2Fwp%2Fv2%2Fmedia&parent=9753"}],"wp:term":[{"taxonomy":"category","embeddable":true,"href":"https:\/\/formalprision.com\/index.php?rest_route=%2Fwp%2Fv2%2Fcategories&post=9753"},{"taxonomy":"post_tag","embeddable":true,"href":"https:\/\/formalprision.com\/index.php?rest_route=%2Fwp%2Fv2%2Ftags&post=9753"}],"curies":[{"name":"wp","href":"https:\/\/api.w.org\/{rel}","templated":true}]}}