{"id":9770,"date":"2010-05-25T20:21:00","date_gmt":"2010-05-25T20:21:00","guid":{"rendered":"http:\/\/formalprision.info\/2010\/05\/25\/enfermero-cafre-tras-las-rejas\/"},"modified":"2015-06-03T09:02:21","modified_gmt":"2015-06-03T09:02:21","slug":"enfermero-cafre-tras-las-rejas","status":"publish","type":"post","link":"https:\/\/formalprision.com\/?p=9770","title":{"rendered":"Enfermero cafre tras las rejas"},"content":{"rendered":"<p><a href=\"http:\/\/2.bp.blogspot.com\/_QwiJz8zwaOw\/S_wxZN6HoAI\/AAAAAAAAAl8\/yI6gcq-3U64\/s1600\/%3D%3Futf-8%3FB%3FMzI5LTEwIE1pZ3VlbCBBcmNhbmdlbCBOYWFsIENhc3RpbGxvIC0gRFBBLiAoMSkuSlBH%3F%3D-715997\"><img decoding=\"async\" src=\"http:\/\/2.bp.blogspot.com\/_QwiJz8zwaOw\/S_wxZN6HoAI\/AAAAAAAAAl8\/yI6gcq-3U64\/s320\/%3D%3Futf-8%3FB%3FMzI5LTEwIE1pZ3VlbCBBcmNhbmdlbCBOYWFsIENhc3RpbGxvIC0gRFBBLiAoMSkuSlBH%3F%3D-715997\" alt=\"\" id=\"BLOGGER_PHOTO_ID_5475305556275601410\" border=\"0\" \/><\/a>Elementos de la Procuradur\u00eda General de Justicia del Estado, asignados a la comandancia de Mandamientos Judiciales y Ministeriales, detuvieron en la calle 59-A de la Avenida Jacinto Canek, a MIGUEL ARCANGEL NAAL CASTILLO, de 39 a\u00f1os de edad, en cumplimiento a la orden de aprehensi\u00f3n 1938\/2009 dictada por el Juez Octavo Penal del Primer Departamento Judicial del Estado, como probable responsable del delito de Da\u00f1o en Propiedad Ajena, denunciado por el ciudadano \u00c1ngel Joseph Castillo Negr\u00f3n. De acuerdo con las investigaciones de elementos de la PGJE, los hechos ocurrieron a principios del a\u00f1o 2009 cuando el indiciado conduc\u00eda un veh\u00edculo de la marca Ford, tipo Ikon, con placas de circulaci\u00f3n YWX 62-77 del Estado de Yucat\u00e1n, sobre la calle 113 entre 36 y 38 de la colonia Canto de esta ciudad, pero por negligencia y descuido, colision\u00f3 contra la parte posterior del veh\u00edculo del quejoso, de la misma marca y modelo (Ford tipo Ikon) de color gris y con n\u00famero de placas YXF-54-43 del Estado de Yucat\u00e1n, el cual se encontraba estacionado sobre la calle 113 a las afueras del domicilio del querellante.Debido al fuerte impacto que sufri\u00f3 el veh\u00edculo estacionado, los da\u00f1os materiales ocasionados fueron de gran consideraci\u00f3n, aunque la primera reacci\u00f3n de Naal Castillo ante lo que hab\u00eda provocado, fue darse a la fuga a toda prisa del lugar de los hechos, para deslindarse de la responsabilidad de hacerse cargo de los detrimentos econ\u00f3micos que causo su distracci\u00f3n y falta de precauci\u00f3n al ir con exceso de velocidad.Sin embargo, el accidente fue presenciado por personas y vecinos que se encontraban en el lugar en donde ocurri\u00f3 el percance, quienes tomaron los n\u00fameros de sus placas de circulaci\u00f3n y dem\u00e1s caracter\u00edsticas del veh\u00edculo que conduc\u00eda para hacerlo del conocimiento del propietario del automotor da\u00f1ado.De acuerdo con las valoraciones y peritajes efectuados por personal de la Procuradur\u00eda en relaci\u00f3n a los perjuicios materiales ocasionados, se acredit\u00f3 que Naal Castilla caus\u00f3 no solo da\u00f1os de cosa ajena al veh\u00edculo, sino que tambi\u00e9n provoc\u00f3 la ca\u00edda de la barda del predio del denunciante.<\/p>\n","protected":false},"excerpt":{"rendered":"<p>Elementos de la Procuradur\u00eda General de Justicia del Estado, asignados a la comandancia de Mandamientos Judiciales y Ministeriales, detuvieron en la calle 59-A de la Avenida Jacinto Canek, a MIGUEL<\/p>\n","protected":false},"author":1,"featured_media":0,"comment_status":"open","ping_status":"open","sticky":false,"template":"","format":"standard","meta":{"jetpack_post_was_ever_published":false,"_jetpack_newsletter_access":"","_jetpack_dont_email_post_to_subs":false,"_jetpack_newsletter_tier_id":0,"_jetpack_memberships_contains_paywalled_content":false,"_jetpack_memberships_contains_paid_content":false,"footnotes":"","jetpack_publicize_message":"","jetpack_publicize_feature_enabled":true,"jetpack_social_post_already_shared":false,"jetpack_social_options":{"image_generator_settings":{"template":"highway","default_image_id":0,"font":"","enabled":false},"version":2}},"categories":[60,1],"tags":[],"class_list":["post-9770","post","type-post","status-publish","format-standard","hentry","category-cafres","category-sin-categoria"],"jetpack_publicize_connections":[],"jetpack_featured_media_url":"","jetpack_sharing_enabled":true,"jetpack_shortlink":"https:\/\/wp.me\/p6id8p-2xA","_links":{"self":[{"href":"https:\/\/formalprision.com\/index.php?rest_route=\/wp\/v2\/posts\/9770","targetHints":{"allow":["GET"]}}],"collection":[{"href":"https:\/\/formalprision.com\/index.php?rest_route=\/wp\/v2\/posts"}],"about":[{"href":"https:\/\/formalprision.com\/index.php?rest_route=\/wp\/v2\/types\/post"}],"author":[{"embeddable":true,"href":"https:\/\/formalprision.com\/index.php?rest_route=\/wp\/v2\/users\/1"}],"replies":[{"embeddable":true,"href":"https:\/\/formalprision.com\/index.php?rest_route=%2Fwp%2Fv2%2Fcomments&post=9770"}],"version-history":[{"count":0,"href":"https:\/\/formalprision.com\/index.php?rest_route=\/wp\/v2\/posts\/9770\/revisions"}],"wp:attachment":[{"href":"https:\/\/formalprision.com\/index.php?rest_route=%2Fwp%2Fv2%2Fmedia&parent=9770"}],"wp:term":[{"taxonomy":"category","embeddable":true,"href":"https:\/\/formalprision.com\/index.php?rest_route=%2Fwp%2Fv2%2Fcategories&post=9770"},{"taxonomy":"post_tag","embeddable":true,"href":"https:\/\/formalprision.com\/index.php?rest_route=%2Fwp%2Fv2%2Ftags&post=9770"}],"curies":[{"name":"wp","href":"https:\/\/api.w.org\/{rel}","templated":true}]}}