{"id":9773,"date":"2010-05-24T02:05:00","date_gmt":"2010-05-24T02:05:00","guid":{"rendered":"http:\/\/formalprision.info\/2010\/05\/24\/la-procu-realiza-manana-nuevo-curso\/"},"modified":"2015-06-03T09:02:21","modified_gmt":"2015-06-03T09:02:21","slug":"la-procu-realiza-manana-nuevo-curso","status":"publish","type":"post","link":"https:\/\/formalprision.com\/?p=9773","title":{"rendered":"La Procu realiza ma\u00f1ana nuevo curso"},"content":{"rendered":"<p><a onblur=\"try {parent.deselectBloggerImageGracefully();} catch(e) {}\" href=\"http:\/\/2.bp.blogspot.com\/_QwiJz8zwaOw\/S_nkFMxKCwI\/AAAAAAAAAlc\/E-hmxpwDzJc\/s1600\/PGJE.jpg\"><img decoding=\"async\" style=\"float: left; margin: 0pt 10px 10px 0pt; cursor: pointer; width: 308px; height: 320px;\" src=\"http:\/\/formalprision.com\/wp-content\/uploads\/2010\/05\/PGJE.jpg\" alt=\"\" id=\"BLOGGER_PHOTO_ID_5474657600023431938\" border=\"0\" \/><\/a>Con el t\u00edtulo de \u201cdestrezas para el Juicio Oral\u201d, la Procuradur\u00eda General de Justicia del Estado, ser\u00e1 anfitriona de un curso que se llevar\u00e1 a efecto en el Hotel Hyatt Regency M\u00e9rida, \u201cSal\u00f3n Regency I\u201d, con inauguraci\u00f3n ma\u00f1ana lunes a las nueve de la ma\u00f1ana.<\/p>\n<p>La instrucci\u00f3n la impartir\u00e1 la Alianza Estatal de la Conferencia  de Procuradores Generales  de Justicia de los Estados Occidentales de Norteam\u00e9rica, y esta dirigido a Ministerios P\u00fablicos de las Procuradur\u00edas de la Regi\u00f3n sureste del pa\u00eds, estando a cargo de la instrucci\u00f3n, V\u00edctor Amador, Instructor Especializado de la Alianza ya referida.<\/p>\n<p>Entre los participantes se encuentran servidores p\u00fablicos de los estados de Oaxaca, Q. Roo, Campeche, Veracruz, entre otros. El curso en menci\u00f3n est\u00e1 enfocado a la implementaci\u00f3n de los juicios orales, de acuerdo a los lineamientos nacionales de capacitaci\u00f3n especializada y tiene como prop\u00f3sito generar en los participantes habilidades y conocimientos en materia de alegatos, contrainterrogatorios, impugnaciones, etc.<\/p>\n<p>Este curso ser\u00e1  impartido por 13 expertos y personal del CWAG a 40 elementos de distintas Procuradur\u00edas del pa\u00eds y a 8 elementos de esta Procuradur\u00eda General de Justicia del Estado y tendr\u00e1 una duraci\u00f3n del 24 al 28 de mayo del presente a\u00f1o con un total de 40 horas con un horario de lunes a viernes de 9:00 a 15:30 hrs.<\/p>\n<p>En el presidium se encuentran contemplados el Lic. H\u00e9ctor Cabrera Rivero, Procurador General de Justicia del Estado de Yucat\u00e1n; Susan Lusting, Directora Administrativa de la Alianza Estatal de la Conferencia de Procuradores Generales de Justicia de los Estados Occidentales; el Lic. Friedman Peniche Rivero, Subprocurador de Averiguaciones Previas y Control de Procesos; la Licda. Ingrid Priego C\u00e1rdenas, Subprocuradora para la Prevenci\u00f3n de los Delitos; Licda. Adda Marissa Peniche Novelo, Directora de Capacitaci\u00f3n y Actualizaci\u00f3n del Personal.<\/p>\n","protected":false},"excerpt":{"rendered":"<p>Con el t\u00edtulo de \u201cdestrezas para el Juicio Oral\u201d, la Procuradur\u00eda General de Justicia del Estado, ser\u00e1 anfitriona de un curso que se llevar\u00e1 a efecto en el Hotel Hyatt<\/p>\n","protected":false},"author":1,"featured_media":29276,"comment_status":"open","ping_status":"open","sticky":false,"template":"","format":"standard","meta":{"jetpack_post_was_ever_published":false,"_jetpack_newsletter_access":"","_jetpack_dont_email_post_to_subs":false,"_jetpack_newsletter_tier_id":0,"_jetpack_memberships_contains_paywalled_content":false,"_jetpack_memberships_contains_paid_content":false,"footnotes":"","jetpack_publicize_message":"","jetpack_publicize_feature_enabled":true,"jetpack_social_post_already_shared":false,"jetpack_social_options":{"image_generator_settings":{"template":"highway","default_image_id":0,"font":"","enabled":false},"version":2}},"categories":[1,49],"tags":[],"class_list":["post-9773","post","type-post","status-publish","format-standard","has-post-thumbnail","hentry","category-sin-categoria","category-tocho-morocho"],"jetpack_publicize_connections":[],"jetpack_featured_media_url":"https:\/\/formalprision.com\/wp-content\/uploads\/2010\/05\/PGJE.jpg","jetpack_sharing_enabled":true,"jetpack_shortlink":"https:\/\/wp.me\/p6id8p-2xD","_links":{"self":[{"href":"https:\/\/formalprision.com\/index.php?rest_route=\/wp\/v2\/posts\/9773","targetHints":{"allow":["GET"]}}],"collection":[{"href":"https:\/\/formalprision.com\/index.php?rest_route=\/wp\/v2\/posts"}],"about":[{"href":"https:\/\/formalprision.com\/index.php?rest_route=\/wp\/v2\/types\/post"}],"author":[{"embeddable":true,"href":"https:\/\/formalprision.com\/index.php?rest_route=\/wp\/v2\/users\/1"}],"replies":[{"embeddable":true,"href":"https:\/\/formalprision.com\/index.php?rest_route=%2Fwp%2Fv2%2Fcomments&post=9773"}],"version-history":[{"count":0,"href":"https:\/\/formalprision.com\/index.php?rest_route=\/wp\/v2\/posts\/9773\/revisions"}],"wp:featuredmedia":[{"embeddable":true,"href":"https:\/\/formalprision.com\/index.php?rest_route=\/wp\/v2\/media\/29276"}],"wp:attachment":[{"href":"https:\/\/formalprision.com\/index.php?rest_route=%2Fwp%2Fv2%2Fmedia&parent=9773"}],"wp:term":[{"taxonomy":"category","embeddable":true,"href":"https:\/\/formalprision.com\/index.php?rest_route=%2Fwp%2Fv2%2Fcategories&post=9773"},{"taxonomy":"post_tag","embeddable":true,"href":"https:\/\/formalprision.com\/index.php?rest_route=%2Fwp%2Fv2%2Ftags&post=9773"}],"curies":[{"name":"wp","href":"https:\/\/api.w.org\/{rel}","templated":true}]}}