{"id":97948,"date":"2022-03-24T20:41:51","date_gmt":"2022-03-25T01:41:51","guid":{"rendered":"http:\/\/formalprision.com\/?p=97948"},"modified":"2022-03-24T23:06:50","modified_gmt":"2022-03-25T04:06:50","slug":"yucatan-permanece-en-semaforo-verde-de-covid-19-hoy-2-muertos-y-4-contagios","status":"publish","type":"post","link":"https:\/\/formalprision.com\/?p=97948","title":{"rendered":"Yucat\u00e1n permanece en sem\u00e1foro verde : hoy 2 muertos y 4 contagios"},"content":{"rendered":"\n<p>Con notable descenso en los casos de contagios, defunciones y hospitalizados, Yucat\u00e1n se mantiene en sem\u00e1foro verde de Covid-19 para los pr\u00f3ximos 15 d\u00edas.<\/p>\n\n\n\n<p>Hoy se reportaron 12 pacientes en hospitales p\u00fablicos, dos fallecidos y cuatro nuevos contagios de Coronavirus.<\/p>\n\n\n\n<p>Hasta ahora 102,587 pacientes ya se recuperaron: no presentan s\u00edntomas ni pueden contagiar. Esta cifra representa el 93% del total de contagios registrados, que es 109,585.<\/p>\n\n\n\n<p>Hoy se detectaron 4 nuevos contagios de Coronavirus:<\/p>\n\n\n\n<p>1 en Akil,<\/p>\n\n\n\n<p>1 en M\u00e9rida,<\/p>\n\n\n\n<p>1 en Kanas\u00edn,<\/p>\n\n\n\n<p>1 en Kinchil.<\/p>\n\n\n\n<div class=\"wp-block-image\"><figure class=\"aligncenter size-full\"><a href=\"http:\/\/formalprision.com\/wp-content\/uploads\/2022\/03\/399378c2-64a4-407f-9123-09f95f0eef02.jpg\"><img loading=\"lazy\" decoding=\"async\" width=\"800\" height=\"540\" src=\"http:\/\/formalprision.com\/wp-content\/uploads\/2022\/03\/399378c2-64a4-407f-9123-09f95f0eef02.jpg\" alt=\"\" class=\"wp-image-97951\" srcset=\"https:\/\/formalprision.com\/wp-content\/uploads\/2022\/03\/399378c2-64a4-407f-9123-09f95f0eef02.jpg 800w, https:\/\/formalprision.com\/wp-content\/uploads\/2022\/03\/399378c2-64a4-407f-9123-09f95f0eef02-300x203.jpg 300w, https:\/\/formalprision.com\/wp-content\/uploads\/2022\/03\/399378c2-64a4-407f-9123-09f95f0eef02-768x518.jpg 768w\" sizes=\"auto, (max-width: 800px) 100vw, 800px\" \/><\/a><\/figure><\/div>\n\n\n\n<p>De los 109,585 casos positivos, 761 son de otro pa\u00eds u otro estado.<\/p>\n\n\n\n<p>Espec\u00edficamente, en M\u00e9rida se han diagnosticado 68,561 personas contagiadas de Coronavirus (casos acumulados al 23 de marzo), que viven en:<\/p>\n\n\n\n<p>17,648 en la zona Norte<\/p>\n\n\n\n<p>16,722 en la zona Oriente<\/p>\n\n\n\n<p>6,511 en la zona Centro<\/p>\n\n\n\n<p>10,934 en la zona Sur<\/p>\n\n\n\n<p>16,746 en la zona Poniente<\/p>\n\n\n\n<p>En este parte m\u00e9dico se reportan dos personas fallecidas:<\/p>\n\n\n\n<p>1.- Masculino 67 a\u00f1os de M\u00e9rida HAS<\/p>\n\n\n\n<p>2.- Femenino 73 a\u00f1os de Acanceh IRC<\/p>\n\n\n\n<p>Siglas: HIPERTENSI\u00d3N ARTERIAL SIST\u00c9MICA (HAS), DIABETES MELLITUS (DM) e INSUFICIENCIA RENAL CR\u00d3NICA (IRC).<\/p>\n\n\n\n<p>En total, son 6,922 las personas fallecidas a causa del Coronavirus.<\/p>\n\n\n\n<div class=\"wp-block-image\"><figure class=\"aligncenter size-full\"><a href=\"http:\/\/formalprision.com\/wp-content\/uploads\/2022\/03\/0a8d0f41-1f30-498c-96a1-34845c5e4244.jpg\"><img loading=\"lazy\" decoding=\"async\" width=\"800\" height=\"569\" src=\"http:\/\/formalprision.com\/wp-content\/uploads\/2022\/03\/0a8d0f41-1f30-498c-96a1-34845c5e4244.jpg\" alt=\"\" class=\"wp-image-97952\" srcset=\"https:\/\/formalprision.com\/wp-content\/uploads\/2022\/03\/0a8d0f41-1f30-498c-96a1-34845c5e4244.jpg 800w, https:\/\/formalprision.com\/wp-content\/uploads\/2022\/03\/0a8d0f41-1f30-498c-96a1-34845c5e4244-300x213.jpg 300w, https:\/\/formalprision.com\/wp-content\/uploads\/2022\/03\/0a8d0f41-1f30-498c-96a1-34845c5e4244-768x546.jpg 768w\" sizes=\"auto, (max-width: 800px) 100vw, 800px\" \/><\/a><\/figure><\/div>\n\n\n\n<p>De los casos activos, 64 est\u00e1n estables, aislados, monitoreados por personal m\u00e9dico de la SSY; presentan s\u00edntomas leves.<\/p>\n\n\n\n<p>Como ya se mencion\u00f3, 12 de los casos positivos est\u00e1n en hospitales p\u00fablicos y en aislamiento total. Hay otros pacientes a la espera de diagn\u00f3stico.<\/p>\n\n\n\n<p>El rango de edad de los casos es de 1 mes a 107 a\u00f1os.<\/p>\n\n\n\n<p>ESTOS SON LOS INDICADORES DEL SEM\u00c1FORO ESTATAL DE YUCAT\u00c1N ESTE JUEVES 24 DE MARZO:<\/p>\n\n\n\n<ul class=\"wp-block-list\"><li>Porcentaje de ocupaci\u00f3n de cuidados intensivos total (Covid + No Covid): 26.5%, EN VERDE Y EN DESCENSO.<\/li><li>Porcentaje de ocupaci\u00f3n de camas de hospitalizaci\u00f3n total (Covid + No Covid): 56.3%, EN AMARILLO Y ESTABLE.<\/li><li>El incremento en admisiones hospitalarias de la semana con respecto a la anterior est\u00e1 EN VERDE Y EN DESCENSO.<\/li><li>El ritmo de contagiosidad del Coronavirus est\u00e1 en 0.62, EN VERDE Y ESTABLE.<\/li><li>La positividad de los casos es de 19.4%, EN VERDE Y EN DESCENSO.<\/li><\/ul>\n\n\n\n<p>LOS INDICADORES SEMANALES DEL SEM\u00c1FORO ESTATAL DE SALUD MARCAN COLOR VERDE.<\/p>\n","protected":false},"excerpt":{"rendered":"<p>Con notable descenso en los casos de contagios, defunciones y hospitalizados, Yucat\u00e1n se mantiene en sem\u00e1foro verde de Covid-19 para los pr\u00f3ximos 15 d\u00edas. Hoy se reportaron 12 pacientes en<\/p>\n","protected":false},"author":2,"featured_media":97950,"comment_status":"open","ping_status":"open","sticky":false,"template":"","format":"standard","meta":{"jetpack_post_was_ever_published":false,"_jetpack_newsletter_access":"","_jetpack_dont_email_post_to_subs":false,"_jetpack_newsletter_tier_id":0,"_jetpack_memberships_contains_paywalled_content":false,"_jetpack_memberships_contains_paid_content":false,"footnotes":"","jetpack_publicize_message":"Es notable el descenso en los indicadores de Covid-19 en Yucat\u00e1n.","jetpack_publicize_feature_enabled":true,"jetpack_social_post_already_shared":true,"jetpack_social_options":{"image_generator_settings":{"template":"highway","default_image_id":0,"font":"","enabled":false},"version":2}},"categories":[54],"tags":[],"class_list":["post-97948","post","type-post","status-publish","format-standard","has-post-thumbnail","hentry","category-yucatan"],"jetpack_publicize_connections":[],"jetpack_featured_media_url":"https:\/\/formalprision.com\/wp-content\/uploads\/2022\/03\/d7ecb544-495b-46a6-8b1c-41accaf4871d.jpg","jetpack_sharing_enabled":true,"jetpack_shortlink":"https:\/\/wp.me\/p6id8p-ptO","_links":{"self":[{"href":"https:\/\/formalprision.com\/index.php?rest_route=\/wp\/v2\/posts\/97948","targetHints":{"allow":["GET"]}}],"collection":[{"href":"https:\/\/formalprision.com\/index.php?rest_route=\/wp\/v2\/posts"}],"about":[{"href":"https:\/\/formalprision.com\/index.php?rest_route=\/wp\/v2\/types\/post"}],"author":[{"embeddable":true,"href":"https:\/\/formalprision.com\/index.php?rest_route=\/wp\/v2\/users\/2"}],"replies":[{"embeddable":true,"href":"https:\/\/formalprision.com\/index.php?rest_route=%2Fwp%2Fv2%2Fcomments&post=97948"}],"version-history":[{"count":0,"href":"https:\/\/formalprision.com\/index.php?rest_route=\/wp\/v2\/posts\/97948\/revisions"}],"wp:featuredmedia":[{"embeddable":true,"href":"https:\/\/formalprision.com\/index.php?rest_route=\/wp\/v2\/media\/97950"}],"wp:attachment":[{"href":"https:\/\/formalprision.com\/index.php?rest_route=%2Fwp%2Fv2%2Fmedia&parent=97948"}],"wp:term":[{"taxonomy":"category","embeddable":true,"href":"https:\/\/formalprision.com\/index.php?rest_route=%2Fwp%2Fv2%2Fcategories&post=97948"},{"taxonomy":"post_tag","embeddable":true,"href":"https:\/\/formalprision.com\/index.php?rest_route=%2Fwp%2Fv2%2Ftags&post=97948"}],"curies":[{"name":"wp","href":"https:\/\/api.w.org\/{rel}","templated":true}]}}