{"id":97961,"date":"2022-03-24T21:54:16","date_gmt":"2022-03-25T02:54:16","guid":{"rendered":"http:\/\/formalprision.com\/?p=97961"},"modified":"2022-03-24T21:54:16","modified_gmt":"2022-03-25T02:54:16","slug":"la-reforma-electrica-sera-tema-del-foro-nacional-de-infraestructura-que-se-realizara-en-merida","status":"publish","type":"post","link":"https:\/\/formalprision.com\/?p=97961","title":{"rendered":"La reforma el\u00e9ctrica ser\u00e1 tema del Foro Nacional de Infraestructura que se realizar\u00e1 en M\u00e9rida"},"content":{"rendered":"\n<p>M\u00c9RIDA.- La reforma el\u00e9ctrica ser\u00e1 uno de los principales temas que se analizar\u00e1n en el Foro Nacional de Infraestructura Sostenible que llevar\u00e1 a cabo este viernes la C\u00e1mara Mexicana de la Industria de la Construcci\u00f3n (CMIC) en la capital yucateca.<\/p>\n\n\n\n<p>En conferencia de prensa, los presidentes nacional y estatal de la CMIC, Francisco Solares Alem\u00e1n y Ra\u00fal Monforte indicaron que esa reforma se discutir\u00e1 en la mesa panel \u201cSoberan\u00eda Energ\u00e9tica para un Futuro Sostenible\u201d, en la que se expondr\u00e1n diversos puntos de vista sobre este tema de inter\u00e9s nacional.<\/p>\n\n\n\n<p>Soberanes Alem\u00e1n adelant\u00f3 que una propuesta que se discutir\u00e1 ser\u00e1 la modificaci\u00f3n de algunos puntos del proyecto para hacer m\u00e1s equitativa la participaci\u00f3n de los que intervienen en el sector energ\u00e9tico.<\/p>\n\n\n\n<p>Entre otros temas, los dirigentes del sector de la construcci\u00f3n insistieron en la urgencia de que las inversiones p\u00fablicas sean ejecutadas por constructoras y no por las fuerzas armadas del pa\u00eds, ya que en sus atribuciones constitucionales no figura la realizaci\u00f3n de obras de infraestructura.<\/p>\n\n\n\n<p>En igualdad de condiciones podemos hacer lo que hace el Ej\u00e9rcito, con la diferencia de que toda obra que hacemos es auditada, lo cual no est\u00e1 pasando con los proyectos a cargo de las fuerzas armadas, alegando que se reservan informaci\u00f3n por cuestiones de \u201cseguridad nacional\u201d, se\u00f1al\u00f3 el l\u00edder nacional de los constructores.<\/p>\n\n\n\n<p>Solares Alem\u00e1n y Monforte Gonz\u00e1lez recalcaron que la guerra entre Rusia y Ucrania, la inflaci\u00f3n y la pandemia del Covid-19 son factores que han impactado a la industria de la construcci\u00f3n, aunque pronosticaron que pese a la falta de inversi\u00f3n p\u00fablica productiva a nivel nacional para el presente a\u00f1o continuar\u00e1 el proceso de recuperaci\u00f3n de ese sector.<\/p>\n","protected":false},"excerpt":{"rendered":"<p>M\u00c9RIDA.- La reforma el\u00e9ctrica ser\u00e1 uno de los principales temas que se analizar\u00e1n en el Foro Nacional de Infraestructura Sostenible que llevar\u00e1 a cabo este viernes la C\u00e1mara Mexicana de<\/p>\n","protected":false},"author":2,"featured_media":97963,"comment_status":"open","ping_status":"open","sticky":false,"template":"","format":"standard","meta":{"jetpack_post_was_ever_published":false,"_jetpack_newsletter_access":"","_jetpack_dont_email_post_to_subs":false,"_jetpack_newsletter_tier_id":0,"_jetpack_memberships_contains_paywalled_content":false,"_jetpack_memberships_contains_paid_content":false,"footnotes":"","jetpack_publicize_message":"La CMIC recalca que son los constructores y no el Ej\u00e9rcito los que deben hacer obras de infraestructura.","jetpack_publicize_feature_enabled":true,"jetpack_social_post_already_shared":true,"jetpack_social_options":{"image_generator_settings":{"template":"highway","default_image_id":0,"font":"","enabled":false},"version":2}},"categories":[14],"tags":[],"class_list":["post-97961","post","type-post","status-publish","format-standard","has-post-thumbnail","hentry","category-merida"],"jetpack_publicize_connections":[],"jetpack_featured_media_url":"https:\/\/formalprision.com\/wp-content\/uploads\/2022\/03\/01-4.jpeg","jetpack_sharing_enabled":true,"jetpack_shortlink":"https:\/\/wp.me\/p6id8p-pu1","_links":{"self":[{"href":"https:\/\/formalprision.com\/index.php?rest_route=\/wp\/v2\/posts\/97961","targetHints":{"allow":["GET"]}}],"collection":[{"href":"https:\/\/formalprision.com\/index.php?rest_route=\/wp\/v2\/posts"}],"about":[{"href":"https:\/\/formalprision.com\/index.php?rest_route=\/wp\/v2\/types\/post"}],"author":[{"embeddable":true,"href":"https:\/\/formalprision.com\/index.php?rest_route=\/wp\/v2\/users\/2"}],"replies":[{"embeddable":true,"href":"https:\/\/formalprision.com\/index.php?rest_route=%2Fwp%2Fv2%2Fcomments&post=97961"}],"version-history":[{"count":0,"href":"https:\/\/formalprision.com\/index.php?rest_route=\/wp\/v2\/posts\/97961\/revisions"}],"wp:featuredmedia":[{"embeddable":true,"href":"https:\/\/formalprision.com\/index.php?rest_route=\/wp\/v2\/media\/97963"}],"wp:attachment":[{"href":"https:\/\/formalprision.com\/index.php?rest_route=%2Fwp%2Fv2%2Fmedia&parent=97961"}],"wp:term":[{"taxonomy":"category","embeddable":true,"href":"https:\/\/formalprision.com\/index.php?rest_route=%2Fwp%2Fv2%2Fcategories&post=97961"},{"taxonomy":"post_tag","embeddable":true,"href":"https:\/\/formalprision.com\/index.php?rest_route=%2Fwp%2Fv2%2Ftags&post=97961"}],"curies":[{"name":"wp","href":"https:\/\/api.w.org\/{rel}","templated":true}]}}