{"id":97973,"date":"2022-03-25T10:02:18","date_gmt":"2022-03-25T15:02:18","guid":{"rendered":"http:\/\/formalprision.com\/?p=97973"},"modified":"2022-03-26T20:12:45","modified_gmt":"2022-03-27T01:12:45","slug":"el-ejercito-invita-a-un-paseo-dominical-en-el-campo-militar-de-valladolid","status":"publish","type":"post","link":"https:\/\/formalprision.com\/?p=97973","title":{"rendered":"El Ej\u00e9rcito invita a un Paseo Dominical en el Campo Militar de Valladolid"},"content":{"rendered":"\n<p>Con la finalidad de promover la actividad f\u00edsica y la sana convivencia familiar, la Secretar\u00eda de la Defensa Nacional, a trav\u00e9s de la X Regi\u00f3n Militar y la 32\/a. Zona Militar, invita al \u201cPaseo Dominical\u201d, que se llevar\u00e1 a cabo el domingo 27 de marzo, de 8 de la ma\u00f1ana a 2 de la tarde, en el Campo Militar No. 32-B, \u201cGral. Bgda. Manuel Cepeda Peraza\u201d, en Valladolid (avenida Centenario del Ej\u00e9rcito Mexicano, colonia Militar).<\/p>\n\n\n\n<p>La gente podr\u00e1 conocer las actividades que realizan el Ej\u00e9rcito y Fuerza A\u00e9rea Mexicanos en el cumplimiento de cada una de las misiones asignadas, as\u00ed como estrechar lazos de amistad entre las fuerzas armadas y la poblaci\u00f3n yucateca, adem\u00e1s de disfrutar en compa\u00f1\u00eda de sus familias de las actividades deportivas y din\u00e1micas que organiza el personal militar.<\/p>\n\n\n\n<p>Durante la estancia en el campo militar podr\u00e1n caminar, correr, trotar o andar en bicicleta de manera c\u00f3moda y segura, guiados por personal militar. Se realizar\u00e1n diversas actividades como observar los veh\u00edculos militares, caballerizas, disfrutar de juegos infantiles y muchas sorpresas m\u00e1s.<\/p>\n\n\n\n<p>La entrada al Cuartel Militar ser\u00e1 gratuita, siguiendo un estricto control sanitario y ser\u00e1 obligatorio el uso de cubrebocas.<\/p>\n","protected":false},"excerpt":{"rendered":"<p>Con la finalidad de promover la actividad f\u00edsica y la sana convivencia familiar, la Secretar\u00eda de la Defensa Nacional, a trav\u00e9s de la X Regi\u00f3n Militar y la 32\/a. Zona<\/p>\n","protected":false},"author":2,"featured_media":97975,"comment_status":"open","ping_status":"open","sticky":false,"template":"","format":"standard","meta":{"jetpack_post_was_ever_published":false,"_jetpack_newsletter_access":"","_jetpack_dont_email_post_to_subs":false,"_jetpack_newsletter_tier_id":0,"_jetpack_memberships_contains_paywalled_content":false,"_jetpack_memberships_contains_paid_content":false,"footnotes":"","jetpack_publicize_message":"","jetpack_publicize_feature_enabled":true,"jetpack_social_post_already_shared":true,"jetpack_social_options":{"image_generator_settings":{"template":"highway","default_image_id":0,"font":"","enabled":false},"version":2}},"categories":[54],"tags":[],"class_list":["post-97973","post","type-post","status-publish","format-standard","has-post-thumbnail","hentry","category-yucatan"],"jetpack_publicize_connections":[],"jetpack_featured_media_url":"https:\/\/formalprision.com\/wp-content\/uploads\/2022\/03\/WhatsApp-Image-2022-03-25-at-8.27.02-AM.jpeg","jetpack_sharing_enabled":true,"jetpack_shortlink":"https:\/\/wp.me\/p6id8p-pud","_links":{"self":[{"href":"https:\/\/formalprision.com\/index.php?rest_route=\/wp\/v2\/posts\/97973","targetHints":{"allow":["GET"]}}],"collection":[{"href":"https:\/\/formalprision.com\/index.php?rest_route=\/wp\/v2\/posts"}],"about":[{"href":"https:\/\/formalprision.com\/index.php?rest_route=\/wp\/v2\/types\/post"}],"author":[{"embeddable":true,"href":"https:\/\/formalprision.com\/index.php?rest_route=\/wp\/v2\/users\/2"}],"replies":[{"embeddable":true,"href":"https:\/\/formalprision.com\/index.php?rest_route=%2Fwp%2Fv2%2Fcomments&post=97973"}],"version-history":[{"count":0,"href":"https:\/\/formalprision.com\/index.php?rest_route=\/wp\/v2\/posts\/97973\/revisions"}],"wp:featuredmedia":[{"embeddable":true,"href":"https:\/\/formalprision.com\/index.php?rest_route=\/wp\/v2\/media\/97975"}],"wp:attachment":[{"href":"https:\/\/formalprision.com\/index.php?rest_route=%2Fwp%2Fv2%2Fmedia&parent=97973"}],"wp:term":[{"taxonomy":"category","embeddable":true,"href":"https:\/\/formalprision.com\/index.php?rest_route=%2Fwp%2Fv2%2Fcategories&post=97973"},{"taxonomy":"post_tag","embeddable":true,"href":"https:\/\/formalprision.com\/index.php?rest_route=%2Fwp%2Fv2%2Ftags&post=97973"}],"curies":[{"name":"wp","href":"https:\/\/api.w.org\/{rel}","templated":true}]}}