{"id":97976,"date":"2022-03-25T10:15:31","date_gmt":"2022-03-25T15:15:31","guid":{"rendered":"http:\/\/formalprision.com\/?p=97976"},"modified":"2022-03-26T20:12:29","modified_gmt":"2022-03-27T01:12:29","slug":"la-trova-yucateca-reune-de-nuevo-a-las-hermanitas-nunez","status":"publish","type":"post","link":"https:\/\/formalprision.com\/?p=97976","title":{"rendered":"La trova yucateca re\u00fane de nuevo a Las Hermanitas N\u00fa\u00f1ez"},"content":{"rendered":"\n<p>En el teatro del Museo de la Canci\u00f3n Yucateca, M\u00edriam y Nelly, Las Hermanitas N\u00fa\u00f1ez, celebraron a la trova yucateca con guitarras y su inconfundible estilo que, desde hace 67 a\u00f1os, las ha mantenido en el coraz\u00f3n de generaciones de bohemios.<\/p>\n\n\n\n<p>Con temas como \u201cPresentimiento\u201d, \u201cPerd\u00f3n\u201d y uno de sus m\u00e1s grandes \u00e9xitos de finales de los a\u00f1os 60, \u201cReconciliaci\u00f3n\u201d, despertaron a\u00f1oranzas en el p\u00fablico, entre el cual se encontraba la titular de la Secretar\u00eda de la Cultura y las Artes (Sedeculta), Loreto Villanueva Trujillo.<\/p>\n\n\n\n<p>\u201cGracias, hermoso Yucat\u00e1n; qu\u00e9 hermoso fue nacer en Tizim\u00edn, Yucat\u00e1n, donde hay tantos compositores y poetas. Hoy, estoy recordando a mi amigo Tony, que siempre me dio trabajo; a don Pastor, a quien tuvimos el gusto de conocer; gracias por darnos esta felicidad a nuestro coraz\u00f3n\u201d, expres\u00f3 M\u00edriam.<\/p>\n\n\n\n<p>El presidente em\u00e9rito de la Sociedad Art\u00edstica \u201cRicardo Palmer\u00edn\u201d, Luis P\u00e9rez Sabido, mencion\u00f3 que este dueto se consolid\u00f3 con la dedicaci\u00f3n y el esfuerzo de sus integrantes, que fueron alumnas de Santiago Manzanero, padre de Armando Manzanero, y pertenecieron a la compa\u00f1\u00eda de Daniel \u201cEl Chino\u201d Herrera.<\/p>\n\n\n\n<p>Al subrayar la importancia de reconocer trayectorias que inspiren talentos de la escena actual, el orador invit\u00f3 a las y los asistentes, a atestiguar la develaci\u00f3n del retrato al \u00f3leo de las artistas, obra de Alonso Guti\u00e9rrez Espinosa, momento emotivo para familiares, amistades y admiradores de las trovadoras.<\/p>\n\n\n\n<p>Durante la velada, se otorg\u00f3 de manera p\u00f3stuma de la Medalla \u201cPastor Cervera\u201d que, en esta edici\u00f3n 14, honr\u00f3 la memoria del maestro Tony Espinosa, el Se\u00f1or Amor, que debut\u00f3 en 1972 y, en sus primeras andanzas, fue precisamente uno de los pupilos m\u00e1s destacados de quien da nombre a la presea.<\/p>\n\n\n\n<p>\u201cMe siento muy honrada de recibir esta Medalla, con la que se reconoce la entrega de una vida en la trova yucateca; la conservar\u00e9, junto con los otros reconocimientos, como testimonio de su profundo amor a la trova. En paz descanse\u201d, pronunci\u00f3 la viuda del homenajeado, Magdalena Parra C\u00e1mara.<\/p>\n\n\n\n<p>La noche continu\u00f3 con las actuaciones de Admigael Cahum, del Dueto Infantil del Museo, que dirige el maestro Felipe D\u00edaz Medina; Mariana Coello, y el tr\u00edo Despertar. Por parte del recinto, acudieron su presidente, Juan Molina Manzanilla, y la secretaria del Consejo Directivo, Elena Fern\u00e1ndez Moral.<\/p>\n","protected":false},"excerpt":{"rendered":"<p>En el teatro del Museo de la Canci\u00f3n Yucateca, M\u00edriam y Nelly, Las Hermanitas N\u00fa\u00f1ez, celebraron a la trova yucateca con guitarras y su inconfundible estilo que, desde hace 67<\/p>\n","protected":false},"author":2,"featured_media":97978,"comment_status":"open","ping_status":"open","sticky":false,"template":"","format":"standard","meta":{"jetpack_post_was_ever_published":false,"_jetpack_newsletter_access":"","_jetpack_dont_email_post_to_subs":false,"_jetpack_newsletter_tier_id":0,"_jetpack_memberships_contains_paywalled_content":false,"_jetpack_memberships_contains_paid_content":false,"footnotes":"","jetpack_publicize_message":"Noche de recuerdos y an\u00e9cdotas, durante la 14 entrega de la Medalla \u201cPastor Cervera\u201d, en esta ocasi\u00f3n de manera p\u00f3stuma al trovador Tony Espinosa.","jetpack_publicize_feature_enabled":true,"jetpack_social_post_already_shared":true,"jetpack_social_options":{"image_generator_settings":{"template":"highway","default_image_id":0,"font":"","enabled":false},"version":2}},"categories":[33,32],"tags":[],"class_list":["post-97976","post","type-post","status-publish","format-standard","has-post-thumbnail","hentry","category-cultura","category-espectaculos"],"jetpack_publicize_connections":[],"jetpack_featured_media_url":"https:\/\/formalprision.com\/wp-content\/uploads\/2022\/03\/05-Las-hermanitas-Nunez.jpg","jetpack_sharing_enabled":true,"jetpack_shortlink":"https:\/\/wp.me\/p6id8p-pug","_links":{"self":[{"href":"https:\/\/formalprision.com\/index.php?rest_route=\/wp\/v2\/posts\/97976","targetHints":{"allow":["GET"]}}],"collection":[{"href":"https:\/\/formalprision.com\/index.php?rest_route=\/wp\/v2\/posts"}],"about":[{"href":"https:\/\/formalprision.com\/index.php?rest_route=\/wp\/v2\/types\/post"}],"author":[{"embeddable":true,"href":"https:\/\/formalprision.com\/index.php?rest_route=\/wp\/v2\/users\/2"}],"replies":[{"embeddable":true,"href":"https:\/\/formalprision.com\/index.php?rest_route=%2Fwp%2Fv2%2Fcomments&post=97976"}],"version-history":[{"count":0,"href":"https:\/\/formalprision.com\/index.php?rest_route=\/wp\/v2\/posts\/97976\/revisions"}],"wp:featuredmedia":[{"embeddable":true,"href":"https:\/\/formalprision.com\/index.php?rest_route=\/wp\/v2\/media\/97978"}],"wp:attachment":[{"href":"https:\/\/formalprision.com\/index.php?rest_route=%2Fwp%2Fv2%2Fmedia&parent=97976"}],"wp:term":[{"taxonomy":"category","embeddable":true,"href":"https:\/\/formalprision.com\/index.php?rest_route=%2Fwp%2Fv2%2Fcategories&post=97976"},{"taxonomy":"post_tag","embeddable":true,"href":"https:\/\/formalprision.com\/index.php?rest_route=%2Fwp%2Fv2%2Ftags&post=97976"}],"curies":[{"name":"wp","href":"https:\/\/api.w.org\/{rel}","templated":true}]}}