{"id":97983,"date":"2022-03-25T16:20:01","date_gmt":"2022-03-25T21:20:01","guid":{"rendered":"http:\/\/formalprision.com\/?p=97983"},"modified":"2022-03-26T22:02:48","modified_gmt":"2022-03-27T03:02:48","slug":"abre-en-merida-casa-amar-la-primera-casa-de-transicion-en-el-sureste","status":"publish","type":"post","link":"https:\/\/formalprision.com\/?p=97983","title":{"rendered":"Abre en M\u00e9rida Casa Amar, la primera casa de transici\u00f3n en el Sureste"},"content":{"rendered":"\n<p>Casa amar es una Fundaci\u00f3n donde se le da atenci\u00f3n a ni\u00f1as y ni\u00f1os de 0 a 5 a\u00f1os 11 meses, somos la primera casa de transici\u00f3n a la familia en todo el sureste que brinda atenci\u00f3n integral, nuestros beneficiarios ser\u00e1n canalizados por la PRODENNAY (DIF Yucat\u00e1n) y se prepara para abrir sus puertas con el fin de dar acogimiento residencial a ni\u00f1as y ni\u00f1os bajo tutela del estado, que por diversas circunstancias se encuentran sin cuidados parentales.<\/p>\n\n\n\n<p>En rueda de prensa ante los medios de comunicaci\u00f3n se cont\u00f3 con la presencia de la Maestra Georgina Ortega Joaquin, Fundadora Presidenta de Fundaci\u00f3n Amar, que hoy lanza el proyecto de Casa Amar, Casa de transici\u00f3n para ni\u00f1os y ni\u00f1as, acompa\u00f1ada de el Ing. Ra\u00fal Romo Tellez, Director Ejecutivo, Maestra Adela Delgadillo, Coordinadora Operativa, Maestra Adriana Pavolini, Psicologa Ambiental de Casa Amar y Cinthya Navarrete, Coordinadora Pedag\u00f3gica, hablaron sobre la importancia del trabajo que van a realizar en pro de los ni\u00f1os para lograr un entorno positivo.<\/p>\n\n\n\n<p>La maestra Gina Ortega Joaqu\u00edn tambi\u00e9n se\u00f1al\u00f3 que cumple el gran sue\u00f1o de poder aportar desde la sociedad civil un granito de arena en la protecci\u00f3n y restituci\u00f3n de los derechos de la ni\u00f1ez de nuestro estado ante la gran alza de violencia hacia ellos y que el d\u00eda de hoy tiene aproximadamente a 250 ni\u00f1as, ni\u00f1os y adolescentes en alg\u00fan albergue y sobre todo porque se tiene conocimiento de que a ra\u00edz de la pandemia se increment\u00f3 la violencia familiar derivada de la ansiedad que provoc\u00f3 el confinamiento, teniendo un alza hasta del 25% en los reportes &nbsp;por posible vulneraci\u00f3n de derechos, tambi\u00e9n coment\u00f3 que casa amar tiene como objetivo proporcionar a la ni\u00f1ez, una atenci\u00f3n integral, para la restituci\u00f3n de sus derechos de tal manera que en tanto es resuelta su situaci\u00f3n jur\u00eddica por parte la procuradur\u00eda de protecci\u00f3n, las ni\u00f1as y ni\u00f1os contar\u00e1n con los cuidados de un equipo multidisciplinario integrado principalmente por psic\u00f3logas, maestras, puericultistas y enfermeras para tener un sano desarrollo en un espacio que sirva de transici\u00f3n efectiva para su integraci\u00f3n a una vida en familia.<\/p>\n\n\n\n<figure class=\"wp-block-image\"><img decoding=\"async\" src=\"https:\/\/elchismografoenlared.com\/wp-content\/uploads\/2022\/03\/CA10.jpg\" alt=\"\" class=\"wp-image-8545\" \/><\/figure>\n\n\n\n<p>\u201cQueremos cambiar la historia de nuestras ni\u00f1as y ni\u00f1os y darles un hogar seguro y las herramientas correctas con las que desarrollar\u00e1n en su vida diaria, nuestro mayor compromiso es que todos nuestros ni\u00f1os tengan una infancia feliz, rodeados de amor y que vivan en el seno de una familia funcional\u201d&nbsp;<br>\u201cHay ni\u00f1os que viven situaciones de maltrato, abandono, situaciones traum\u00e1ticas y abuso en CASA AMAR los recibimos y trabajamos con ellos para que sanen y se fortalezcan, finalmente, los integramos a una familia id\u00f3nea en el menor tiempo posible, para ello, desarrollamos nuestras actividades con base en un modelo de intervenci\u00f3n integral, probado y adaptado, en el que se les asegura el acceso a mayores niveles de bienestar y el disfrute efectivo de los derechos de la ni\u00f1ez\u201d.<\/p>\n\n\n\n<p>\u201cNuestro objetivo es contribuir a que los ni\u00f1os que han recibido un trato no digno, recuperen sus derechos, su autoestima, su confianza, su capacidad para dar y recibir amor, y aprendan a relacionarse sin violencia, para que puedan vivir en una familia amorosa que los proteja e impulse a convertirse en personas productivas y con valores que fortalezcan el tejido social, al proveerles atenci\u00f3n integral, las ni\u00f1as y ni\u00f1os logran una recuperaci\u00f3n emocional, lo que beneficia enormemente su desarrollo e interacci\u00f3n social y les permite adaptarse mejor a un nuevo entorno familiar, por esto somos una casa de transici\u00f3n a la familia\u201d, apuntaron.<\/p>\n\n\n\n<p>Con el liderazgo de la Maestra Georgina Ortega Joaqu\u00edn, como nuestra presidenta, fundaci\u00f3n AMAR se adapta al modelo de atenci\u00f3n integral \u201cLa Alegr\u00eda de los Ni\u00f1os\u201d probado durante 28 a\u00f1os, \u00fanico en su tipo, ha sido mejorado y replicado obteniendo numerosas menciones sobre los aspectos de mayor relevancia en la implementaci\u00f3n llevando una intervenci\u00f3n efectiva que permita a la ni\u00f1ez yucateca bajo tutela del estado acceder a mayores niveles de bienestar teniendo como resultado adopciones exitosas.<\/p>\n\n\n\n<p>Nuestro consejo est\u00e1 conformado por: Lic Yvette Franco Moreno, de Grupo Infra, como presidenta del consejo consultivo, Lic. Nuria Barges Coll, Especialista en el \u00e1rea legal para la infancia, Mtra. Debie San Rom\u00e1n, Consultora en procuraci\u00f3n de fondos y desarrollo institucional, Dra. Patricia Gili L\u00f3pez, Presidenta del colegio de psic\u00f3logos, Dra. Teresa de Jes\u00fas Ochoa, Empresaria Hospital Faro del Mayab, Arq. Jos\u00e9 Manuel L\u00f3pez, Ex Presidente de CANACO, Lic. Guillermo Mendicutti, Grupo Gamas, Dra. Thelma Leticia Torres, Presidenta AMEXME, Lic. Joselyn Castrej\u00f3n, Coordinadora estatal pacto por la primera infancia, Mtro. Alejandro Rivas, Empresario Grupo Rivas, Mtro. Miguel Baquedano, Rector Universidad Marista y Mtro. Andr\u00e9s S\u00e1enz Cueva, Acad\u00e9mico Universidad An\u00e1huac Mayab.<\/p>\n\n\n\n<p>Contamos con 39 colaboradores profesionales altamente capacitados, calificados y especializados en los cuales ejecutan el modelo de atenci\u00f3n para asegurar no solo la subsistencia de los ni\u00f1os y ni\u00f1as como vivienda, comida y vestido, sino tambi\u00e9n la intervenci\u00f3n de personal que contribuya al desarrollo integral de los menores.<\/p>\n\n\n\n<p>Un ni\u00f1o al que se le provee \u00fanicamente cuidados asistenciales o de atenci\u00f3n primaria, no logra una recuperaci\u00f3n emocional y esto afectar\u00e1 a lo largo de su vida en diferentes aspectos de su desarrollo e interacci\u00f3n social, esto impide que se adapte adecuadamente a un nuevo entorno familiar.<\/p>\n\n\n\n<p>La aplicaci\u00f3n del modelo de atenci\u00f3n asegura el disfrute efectivo de los derechos de los ni\u00f1os, ni\u00f1as y adolescente y al mismo tiempo la reparaci\u00f3n integral de los aspectos f\u00edsicos, emocionales y formativos de los ni\u00f1os albergados, tenemos los programas y servicios de hogar seguro, salud f\u00edsica, salud psicol\u00f3gica, nutrici\u00f3n, desarrollo humano, integraci\u00f3n a la familia, alianzas estrat\u00e9gicas, trabajamos con el ni\u00f1o con d\u00e1ndole respeto para que tengan una integraci\u00f3n a la familia, acad\u00e9mica, humana, salud psicol\u00f3gica y f\u00edsica, nutrici\u00f3n y vivienda digna.<\/p>\n","protected":false},"excerpt":{"rendered":"<p>Casa amar es una Fundaci\u00f3n donde se le da atenci\u00f3n a ni\u00f1as y ni\u00f1os de 0 a 5 a\u00f1os 11 meses, somos la primera casa de transici\u00f3n a la familia<\/p>\n","protected":false},"author":2,"featured_media":97985,"comment_status":"open","ping_status":"open","sticky":false,"template":"","format":"standard","meta":{"jetpack_post_was_ever_published":false,"_jetpack_newsletter_access":"","_jetpack_dont_email_post_to_subs":false,"_jetpack_newsletter_tier_id":0,"_jetpack_memberships_contains_paywalled_content":false,"_jetpack_memberships_contains_paid_content":false,"footnotes":"","jetpack_publicize_message":"La Casa Amar brinda atenci\u00f3n a ni\u00f1as y ni\u00f1os de cero a 5 a\u00f1os 11 meses. Sus beneficiarios son ni\u00f1os que canaliza el DIF Yucat\u00e1n.","jetpack_publicize_feature_enabled":true,"jetpack_social_post_already_shared":true,"jetpack_social_options":{"image_generator_settings":{"template":"highway","default_image_id":0,"font":"","enabled":false},"version":2}},"categories":[14],"tags":[],"class_list":["post-97983","post","type-post","status-publish","format-standard","has-post-thumbnail","hentry","category-merida"],"jetpack_publicize_connections":[],"jetpack_featured_media_url":"https:\/\/formalprision.com\/wp-content\/uploads\/2022\/03\/CA0.jpg","jetpack_sharing_enabled":true,"jetpack_shortlink":"https:\/\/wp.me\/p6id8p-pun","_links":{"self":[{"href":"https:\/\/formalprision.com\/index.php?rest_route=\/wp\/v2\/posts\/97983","targetHints":{"allow":["GET"]}}],"collection":[{"href":"https:\/\/formalprision.com\/index.php?rest_route=\/wp\/v2\/posts"}],"about":[{"href":"https:\/\/formalprision.com\/index.php?rest_route=\/wp\/v2\/types\/post"}],"author":[{"embeddable":true,"href":"https:\/\/formalprision.com\/index.php?rest_route=\/wp\/v2\/users\/2"}],"replies":[{"embeddable":true,"href":"https:\/\/formalprision.com\/index.php?rest_route=%2Fwp%2Fv2%2Fcomments&post=97983"}],"version-history":[{"count":0,"href":"https:\/\/formalprision.com\/index.php?rest_route=\/wp\/v2\/posts\/97983\/revisions"}],"wp:featuredmedia":[{"embeddable":true,"href":"https:\/\/formalprision.com\/index.php?rest_route=\/wp\/v2\/media\/97985"}],"wp:attachment":[{"href":"https:\/\/formalprision.com\/index.php?rest_route=%2Fwp%2Fv2%2Fmedia&parent=97983"}],"wp:term":[{"taxonomy":"category","embeddable":true,"href":"https:\/\/formalprision.com\/index.php?rest_route=%2Fwp%2Fv2%2Fcategories&post=97983"},{"taxonomy":"post_tag","embeddable":true,"href":"https:\/\/formalprision.com\/index.php?rest_route=%2Fwp%2Fv2%2Ftags&post=97983"}],"curies":[{"name":"wp","href":"https:\/\/api.w.org\/{rel}","templated":true}]}}