{"id":97986,"date":"2022-03-25T19:25:32","date_gmt":"2022-03-26T00:25:32","guid":{"rendered":"http:\/\/formalprision.com\/?p=97986"},"modified":"2022-03-26T21:38:44","modified_gmt":"2022-03-27T02:38:44","slug":"juan-pablo-ii-el-centro-y-ciudad-caucel-las-zonas-con-mas-contagios-de-covid-19-3","status":"publish","type":"post","link":"https:\/\/formalprision.com\/?p=97986","title":{"rendered":"Juan Pablo II, el centro y Ciudad Caucel, las zonas con m\u00e1s contagios de Covid-19"},"content":{"rendered":"\n<p>M\u00c9RIDA.- Hoy viernes 25 de marzo se reportaron 12 pacientes en hospitales, dos fallecidos y dos contagios de Covid-19 en Yucat\u00e1n.<\/p>\n\n\n\n<p>Hasta ahora 102,592 pacientes ya se recuperaron: no presentan s\u00edntomas ni pueden contagiar. Esta cifra representa el 93% del total de contagios registrados, que es 109,587.<\/p>\n\n\n\n<p>Juan Pablo II, el centro, Ciudad Caucel, Las Am\u00e9ricas y Chuburn\u00e1 de Hidalgo son las zonas con m\u00e1s contagios de Covid-19 en M\u00e9rida.<\/p>\n\n\n\n<p>Este es el parte m\u00e9dico de este viernes 25 de marzo:<\/p>\n\n\n\n<p>Hoy se detectaron dos nuevos contagios de Coronavirus:<\/p>\n\n\n\n<p>1 en M\u00e9rida,<\/p>\n\n\n\n<p>1 en Peto<\/p>\n\n\n\n<p>De los 109,587 casos positivos, 761 son de otro pa\u00eds u otro estado.<\/p>\n\n\n\n<p>LOS MUNICIPIOS DE YUCAT\u00c1N CON MAYOR N\u00daMERO DE PERSONAS CONTAGIADAS SON (casos acumulados al 24 de marzo):<\/p>\n\n\n\n<p>M\u00e9rida&nbsp;&nbsp;&nbsp;&nbsp;&nbsp;&nbsp;&nbsp;&nbsp;&nbsp;&nbsp; 68,562<\/p>\n\n\n\n<p>Valladolid&nbsp;&nbsp;&nbsp;&nbsp;&nbsp; 5,139<\/p>\n\n\n\n<p>Kanas\u00edn &nbsp;&nbsp;&nbsp;&nbsp;&nbsp;&nbsp;&nbsp; 4,668<\/p>\n\n\n\n<p>Progreso&nbsp;&nbsp;&nbsp;&nbsp;&nbsp;&nbsp; 3,103<\/p>\n\n\n\n<p>Um\u00e1n 2,707<\/p>\n\n\n\n<p>Tizim\u00edn&nbsp;&nbsp;&nbsp;&nbsp;&nbsp;&nbsp;&nbsp;&nbsp;&nbsp;&nbsp; 2,463<\/p>\n\n\n\n<p>Ticul&nbsp;&nbsp; 2,031<\/p>\n\n\n\n<p>Hunucm\u00e1&nbsp;&nbsp;&nbsp;&nbsp;&nbsp; 1,652<\/p>\n\n\n\n<p>Motul&nbsp; 1,410<\/p>\n\n\n\n<p>Tekax 1,322<\/p>\n\n\n\n<p>Maxcan\u00fa&nbsp;&nbsp;&nbsp;&nbsp;&nbsp;&nbsp; 1,091<\/p>\n\n\n\n<p>Izamal&nbsp;&nbsp;&nbsp;&nbsp;&nbsp;&nbsp;&nbsp;&nbsp;&nbsp;&nbsp;&nbsp; 989<\/p>\n\n\n\n<p>Acanceh&nbsp;&nbsp;&nbsp;&nbsp;&nbsp;&nbsp; 951<\/p>\n\n\n\n<p>Conkal&nbsp;&nbsp;&nbsp;&nbsp;&nbsp;&nbsp;&nbsp;&nbsp;&nbsp;&nbsp; 724<\/p>\n\n\n\n<p>Tixkokob&nbsp;&nbsp;&nbsp;&nbsp;&nbsp;&nbsp;&nbsp; 703<\/p>\n\n\n\n<p>Peto&nbsp;&nbsp;&nbsp; 443<\/p>\n\n\n\n<p>Oxkutzcab&nbsp;&nbsp;&nbsp;&nbsp; 397<\/p>\n\n\n\n<p>Temoz\u00f3n&nbsp;&nbsp;&nbsp;&nbsp;&nbsp;&nbsp; 368<\/p>\n\n\n\n<p>Chemax&nbsp;&nbsp;&nbsp;&nbsp;&nbsp;&nbsp;&nbsp; 343<\/p>\n\n\n\n<p>Tinum 313<\/p>\n\n\n\n<div class=\"wp-block-image\"><figure class=\"aligncenter size-full\"><a href=\"http:\/\/formalprision.com\/wp-content\/uploads\/2022\/03\/0a86e0e4-cd6d-4c95-8608-2e7856c4d633.jpg\"><img loading=\"lazy\" decoding=\"async\" width=\"800\" height=\"569\" src=\"http:\/\/formalprision.com\/wp-content\/uploads\/2022\/03\/0a86e0e4-cd6d-4c95-8608-2e7856c4d633.jpg\" alt=\"\" class=\"wp-image-97989\" srcset=\"https:\/\/formalprision.com\/wp-content\/uploads\/2022\/03\/0a86e0e4-cd6d-4c95-8608-2e7856c4d633.jpg 800w, https:\/\/formalprision.com\/wp-content\/uploads\/2022\/03\/0a86e0e4-cd6d-4c95-8608-2e7856c4d633-300x213.jpg 300w, https:\/\/formalprision.com\/wp-content\/uploads\/2022\/03\/0a86e0e4-cd6d-4c95-8608-2e7856c4d633-768x546.jpg 768w\" sizes=\"auto, (max-width: 800px) 100vw, 800px\" \/><\/a><\/figure><\/div>\n\n\n\n<p>LAS COLONIAS DE M\u00c9RIDA CON MAYOR N\u00daMERO DE PERSONAS CONTAGIADAS EN LOS \u00daLTIMOS 14 D\u00cdAS SON:<\/p>\n\n\n\n<p>Juan Pablo II 25<\/p>\n\n\n\n<p>Centro&nbsp;&nbsp;&nbsp;&nbsp;&nbsp;&nbsp;&nbsp;&nbsp;&nbsp;&nbsp; 17<\/p>\n\n\n\n<p>Ciudad Caucel&nbsp;&nbsp;&nbsp;&nbsp;&nbsp;&nbsp;&nbsp;&nbsp; 6<\/p>\n\n\n\n<p>Las Am\u00e9ricas&nbsp;&nbsp;&nbsp;&nbsp;&nbsp;&nbsp;&nbsp;&nbsp;&nbsp;&nbsp; 4<\/p>\n\n\n\n<p>Chuburn\u00e1 De Hidalgo&nbsp;&nbsp;&nbsp;&nbsp;&nbsp;&nbsp;&nbsp; 3<\/p>\n\n\n\n<p>Mar\u00eda Luisa&nbsp; 3<\/p>\n\n\n\n<p>Francisco De Montejo&nbsp;&nbsp;&nbsp;&nbsp;&nbsp;&nbsp;&nbsp; 2<\/p>\n\n\n\n<p>Mercedes Barrera&nbsp;&nbsp;&nbsp; 2<\/p>\n\n\n\n<p>Melchor Ocampo&nbsp;&nbsp;&nbsp;&nbsp; 2<\/p>\n\n\n\n<p>Nueva Kukulk\u00e1n&nbsp;&nbsp;&nbsp;&nbsp;&nbsp; 1<\/p>\n\n\n\n<p>Montecarlo&nbsp;&nbsp;&nbsp; 1<\/p>\n\n\n\n<p>Industrial&nbsp;&nbsp;&nbsp;&nbsp;&nbsp;&nbsp; 1<\/p>\n\n\n\n<p>Felipe Carrillo Puerto Norte&nbsp;&nbsp;&nbsp;&nbsp;&nbsp;&nbsp;&nbsp;&nbsp;&nbsp;&nbsp; 1<\/p>\n\n\n\n<p>Manuel \u00c1vila Camacho&nbsp;&nbsp;&nbsp;&nbsp;&nbsp; 1<\/p>\n\n\n\n<p>Ferrocarrileros&nbsp;&nbsp;&nbsp;&nbsp;&nbsp;&nbsp;&nbsp;&nbsp;&nbsp; 1<\/p>\n\n\n\n<p>Chichi Suarez&nbsp;&nbsp;&nbsp;&nbsp;&nbsp;&nbsp;&nbsp;&nbsp;&nbsp; 1<\/p>\n\n\n\n<p>Montebello&nbsp;&nbsp;&nbsp; 1<\/p>\n\n\n\n<p>Temoz\u00f3n Norte&nbsp;&nbsp;&nbsp;&nbsp;&nbsp;&nbsp;&nbsp; 1<\/p>\n\n\n\n<p>San Jose Tecoh&nbsp;&nbsp;&nbsp;&nbsp;&nbsp;&nbsp; 1<\/p>\n\n\n\n<p>Florida Pinos 1<\/p>\n\n\n\n<p>LOS MUNICIPIOS DE YUCAT\u00c1N CON MAYOR N\u00daMERO DE CASOS DIAGNOSTICADOS EN LOS \u00daLTIMOS 14 D\u00cdAS SON:<\/p>\n\n\n\n<p>M\u00e9rida&nbsp;&nbsp;&nbsp;&nbsp;&nbsp;&nbsp;&nbsp;&nbsp;&nbsp;&nbsp; 122<\/p>\n\n\n\n<p>Um\u00e1n 5<\/p>\n\n\n\n<p>Maxcan\u00fa&nbsp;&nbsp;&nbsp;&nbsp;&nbsp;&nbsp; 4<\/p>\n\n\n\n<p>Hunucm\u00e1&nbsp;&nbsp;&nbsp;&nbsp;&nbsp; 3<\/p>\n\n\n\n<p>Akil&nbsp;&nbsp;&nbsp;&nbsp; 2<\/p>\n\n\n\n<p>Kinchil 2<\/p>\n\n\n\n<p>Ticul&nbsp;&nbsp; 2<\/p>\n\n\n\n<p>Kanas\u00edn&nbsp;&nbsp;&nbsp;&nbsp;&nbsp;&nbsp;&nbsp; 1<\/p>\n\n\n\n<p>Tekax 1<\/p>\n\n\n\n<p>LOS MUNICIPIOS CON MAYOR N\u00daMERO DE DEFUNCIONES POR COVID-19 SON (casos acumulados al 24 de marzo):<\/p>\n\n\n\n<p>M\u00e9rida&nbsp;&nbsp;&nbsp;&nbsp;&nbsp;&nbsp;&nbsp;&nbsp;&nbsp;&nbsp; 3832<\/p>\n\n\n\n<p>Valladolid&nbsp;&nbsp;&nbsp;&nbsp;&nbsp; 277<\/p>\n\n\n\n<p>Kanas\u00edn&nbsp;&nbsp;&nbsp;&nbsp;&nbsp;&nbsp;&nbsp; 187<\/p>\n\n\n\n<p>Um\u00e1n 170<\/p>\n\n\n\n<p>Progreso&nbsp;&nbsp;&nbsp;&nbsp;&nbsp;&nbsp; 149<\/p>\n\n\n\n<p>Tizim\u00edn&nbsp;&nbsp;&nbsp;&nbsp;&nbsp;&nbsp;&nbsp;&nbsp;&nbsp;&nbsp; 146<\/p>\n\n\n\n<p>Motul&nbsp; 136<\/p>\n\n\n\n<p>Ticul&nbsp;&nbsp; 135<\/p>\n\n\n\n<p>Izamal&nbsp;&nbsp;&nbsp;&nbsp;&nbsp;&nbsp;&nbsp;&nbsp;&nbsp;&nbsp;&nbsp; 90<\/p>\n\n\n\n<p>Hunucm\u00e1&nbsp;&nbsp;&nbsp;&nbsp;&nbsp; 84<\/p>\n\n\n\n<p>Oxkutzcab&nbsp;&nbsp;&nbsp;&nbsp; 79<\/p>\n\n\n\n<p>Tekax 67<\/p>\n\n\n\n<p>Acanceh&nbsp;&nbsp;&nbsp;&nbsp;&nbsp;&nbsp; 66<\/p>\n\n\n\n<p>Maxcan\u00fa&nbsp;&nbsp;&nbsp;&nbsp;&nbsp;&nbsp; 64<\/p>\n\n\n\n<p>Conkal&nbsp;&nbsp;&nbsp;&nbsp;&nbsp;&nbsp;&nbsp;&nbsp;&nbsp;&nbsp; 49<\/p>\n\n\n\n<p>Temoz\u00f3n&nbsp;&nbsp;&nbsp;&nbsp;&nbsp;&nbsp; 48<\/p>\n\n\n\n<p>Muna 45<\/p>\n\n\n\n<p>Tixkokob&nbsp;&nbsp;&nbsp;&nbsp;&nbsp;&nbsp;&nbsp; 42<\/p>\n\n\n\n<p>Tecoh 38<\/p>\n\n\n\n<p>Chemax&nbsp;&nbsp;&nbsp;&nbsp;&nbsp;&nbsp;&nbsp; 35<\/p>\n\n\n\n<p>Espec\u00edficamente, en M\u00e9rida se han diagnosticado 68,562 personas contagiadas de Coronavirus (casos acumulados al 24 de marzo), que viven en:<\/p>\n\n\n\n<p>17,648 en la zona Norte<\/p>\n\n\n\n<p>16,723 en la zona Oriente<\/p>\n\n\n\n<p>6,511 en la zona Centro<\/p>\n\n\n\n<p>10,934 en la zona Sur<\/p>\n\n\n\n<p>16,746 en la zona Poniente<\/p>\n\n\n\n<p>En este parte m\u00e9dico se reportan 2 personas fallecidas:<\/p>\n\n\n\n<p>1.- Femenino 60 a\u00f1os de Tizim\u00edn&nbsp;&nbsp;&nbsp;&nbsp;&nbsp;&nbsp;&nbsp;&nbsp;&nbsp;&nbsp;&nbsp;&nbsp; DM\/HAS\/IRC<\/p>\n\n\n\n<p>2.- Femenino 74 a\u00f1os de M\u00e9rida&nbsp;&nbsp;&nbsp;&nbsp;&nbsp;&nbsp;&nbsp;&nbsp;&nbsp;&nbsp;&nbsp;&nbsp;&nbsp;&nbsp;&nbsp;&nbsp;&nbsp;&nbsp;&nbsp;&nbsp; HAS<\/p>\n\n\n\n<p>Siglas: HIPERTENSI\u00d3N ARTERIAL SIST\u00c9MICA (HAS), DIABETES MELLITUS (DM) e INSUFICIENCIA RENAL CR\u00d3NICA (IRC).<\/p>\n\n\n\n<p>En total, son 6,924 las personas fallecidas a causa del Coronavirus.<\/p>\n\n\n\n<p>De los casos activos, 59 est\u00e1n estables, aislados, monitoreados por personal m\u00e9dico de la SSY; presentan s\u00edntomas leves.<\/p>\n\n\n\n<p>Como ya se mencion\u00f3, 12 de los casos positivos est\u00e1n en hospitales p\u00fablicos y en aislamiento total. Hay otros pacientes a la espera de diagn\u00f3stico.<\/p>\n\n\n\n<p>El rango de edad de los casos es de 1 mes a 107 a\u00f1os.<\/p>\n\n\n\n<p>LOS INDICADORES SEMANALES DEL SEM\u00c1FORO ESTATAL DE SALUD MARCAN COLOR VERDE.<\/p>\n","protected":false},"excerpt":{"rendered":"<p>M\u00c9RIDA.- Hoy viernes 25 de marzo se reportaron 12 pacientes en hospitales, dos fallecidos y dos contagios de Covid-19 en Yucat\u00e1n. Hasta ahora 102,592 pacientes ya se recuperaron: no presentan<\/p>\n","protected":false},"author":2,"featured_media":97988,"comment_status":"open","ping_status":"open","sticky":false,"template":"","format":"standard","meta":{"jetpack_post_was_ever_published":false,"_jetpack_newsletter_access":"","_jetpack_dont_email_post_to_subs":false,"_jetpack_newsletter_tier_id":0,"_jetpack_memberships_contains_paywalled_content":false,"_jetpack_memberships_contains_paid_content":false,"footnotes":"","jetpack_publicize_message":"Hoy se reportaron 12 pacientes en hospitales, dos fallecidos y dos contagios de Covid-19 en Yucat\u00e1n.","jetpack_publicize_feature_enabled":true,"jetpack_social_post_already_shared":true,"jetpack_social_options":{"image_generator_settings":{"template":"highway","default_image_id":0,"font":"","enabled":false},"version":2}},"categories":[14],"tags":[],"class_list":["post-97986","post","type-post","status-publish","format-standard","has-post-thumbnail","hentry","category-merida"],"jetpack_publicize_connections":[],"jetpack_featured_media_url":"https:\/\/formalprision.com\/wp-content\/uploads\/2022\/03\/4bef2593-6401-4329-8283-a1e8ad90803c.jpg","jetpack_sharing_enabled":true,"jetpack_shortlink":"https:\/\/wp.me\/p6id8p-puq","_links":{"self":[{"href":"https:\/\/formalprision.com\/index.php?rest_route=\/wp\/v2\/posts\/97986","targetHints":{"allow":["GET"]}}],"collection":[{"href":"https:\/\/formalprision.com\/index.php?rest_route=\/wp\/v2\/posts"}],"about":[{"href":"https:\/\/formalprision.com\/index.php?rest_route=\/wp\/v2\/types\/post"}],"author":[{"embeddable":true,"href":"https:\/\/formalprision.com\/index.php?rest_route=\/wp\/v2\/users\/2"}],"replies":[{"embeddable":true,"href":"https:\/\/formalprision.com\/index.php?rest_route=%2Fwp%2Fv2%2Fcomments&post=97986"}],"version-history":[{"count":0,"href":"https:\/\/formalprision.com\/index.php?rest_route=\/wp\/v2\/posts\/97986\/revisions"}],"wp:featuredmedia":[{"embeddable":true,"href":"https:\/\/formalprision.com\/index.php?rest_route=\/wp\/v2\/media\/97988"}],"wp:attachment":[{"href":"https:\/\/formalprision.com\/index.php?rest_route=%2Fwp%2Fv2%2Fmedia&parent=97986"}],"wp:term":[{"taxonomy":"category","embeddable":true,"href":"https:\/\/formalprision.com\/index.php?rest_route=%2Fwp%2Fv2%2Fcategories&post=97986"},{"taxonomy":"post_tag","embeddable":true,"href":"https:\/\/formalprision.com\/index.php?rest_route=%2Fwp%2Fv2%2Ftags&post=97986"}],"curies":[{"name":"wp","href":"https:\/\/api.w.org\/{rel}","templated":true}]}}