{"id":97996,"date":"2022-03-25T23:14:55","date_gmt":"2022-03-26T04:14:55","guid":{"rendered":"http:\/\/formalprision.com\/?p=97996"},"modified":"2022-03-26T20:09:45","modified_gmt":"2022-03-27T01:09:45","slug":"el-sector-de-la-construccion-demanda-mas-inversion-en-obra-publica","status":"publish","type":"post","link":"https:\/\/formalprision.com\/?p=97996","title":{"rendered":"El sector de la construcci\u00f3n demanda m\u00e1s inversi\u00f3n en obra p\u00fablica"},"content":{"rendered":"\n<p>Mayor inversi\u00f3n en obra p\u00fablica, la asignaci\u00f3n de proyectos a las empresas del sector en vez de a las fuerzas armadas, respeto al Estado de Derecho y una reforma que aliente la generaci\u00f3n de energ\u00edas limpias, figuran entre las principales demandas del Foro Nacional: \u201cInfraestructura Sostenible, Pilar para el Desarrollo y Bienestar&nbsp; de M\u00e9xico\u201d, que organiza la C\u00e1mara Mexicana de la Industria de la Construcci\u00f3n (CMIC) en M\u00e9rida.<\/p>\n\n\n\n<p>L\u00edderes de la c\u00fapula empresarial, como Francisco Cervantes D\u00edaz, presidente del Consejo Coordinador Empresarial (CCE), y Jos\u00e9 Abugaber Adonie, presidente de la Confederaci\u00f3n de C\u00e1maras Industriales (Concamin), cerraron filas en torno a la CMIC, que preside Francisco Solares Alem\u00e1n, y se sumaron a estas demandas, a fin de reactivar a la industria de la construcci\u00f3n como el motor del desarrollo econ\u00f3mico del pa\u00eds.<\/p>\n\n\n\n<p>Ante directivos de las 44 delegaciones que tiene la CMIC en la Rep\u00fablica,&nbsp; gobernadores, legisladores, empresarios y acad\u00e9micos reunidos en M\u00e9rida, se insisti\u00f3 en la urgencia de impulsar el desarrollo desde una perspectiva sustentable, que genere crecimiento econ\u00f3mico, con progreso social y equilibrio medioambiental.<\/p>\n\n\n\n<p>En la inauguraci\u00f3n del Foro, que se lleva a cabo en el Centro de Convenciones Siglo XXI, participaron, adem\u00e1s de los l\u00edderes del CCE, Concamin y CMIC, el gobernador Mauricio Vila Dosal; el alcalde de M\u00e9rida, Ren\u00e1n Barrera Concha; Gustavo Arballo Luj\u00e1n, presidente del Consejo Consultivo de la CMIC; Luis Pimentel Miranda, delegado de la SCT en Yucat\u00e1n, los legisladores Manuel Rodr\u00edguez Gonz\u00e1lez y Marcos Rosendo Medina, presidente y secretario de las Comisiones de Energ\u00eda y de Infraestructura de la C\u00e1mara de Diputados, respectivamente, y Ra\u00fal Monforte Gonz\u00e1lez, presidente de la CMIC Yucat\u00e1n, anfitri\u00f3n del evento.<\/p>\n\n\n\n<p>En su mensaje, Solares Alem\u00e1n agradeci\u00f3 al gobernador Vila Dosal por su apoyo para la realizaci\u00f3n del Foro y la Expo Construcci\u00f3n 2022, y por su hospitalidad: \u201cPara para m\u00ed es un verdadero gusto estar nuevamente en este bello estado, orgulloso heredero del pueblo Maya y desde luego, tambi\u00e9n en esta preciosa ciudad de M\u00e9rida\u201d.<\/p>\n\n\n\n<p>El l\u00edder de la CMIC se\u00f1al\u00f3 las causas que han propiciado el marcado deterioro de los indicadores de la industria de la construcci\u00f3n, entre los que mencion\u00f3 la dr\u00e1stica reducci\u00f3n de la inversi\u00f3n p\u00fablica en infraestructura, al pasar del 5.9% del PIB a solo el 2%; del incremento del riesgo pa\u00eds y el descenso en los niveles de confianza de los inversionistas, derivados de la falta de respeto al Estado de Derecho, y la centralizaci\u00f3n de las grandes obras de infraestructura en manos de las fuerzas armadas, en perjuicio de las Mipymes del sector, las cuales representan el 94% de la industria, entre otros.<\/p>\n\n\n\n<p>\u201cFrente a este panorama, nuestra postura es clara: poner a M\u00e9xico por encima de cualquier inter\u00e9s y cooperar, no confrontar. Queremos ensanchar el terreno com\u00fan entre los sectores p\u00fablico y privado, acerc\u00e1ndonos en nuestras coincidencias y minimizando las diferencias\u201d, afirm\u00f3 Solares Alem\u00e1n.<\/p>\n\n\n\n<figure class=\"wp-block-image size-full\"><a href=\"http:\/\/formalprision.com\/wp-content\/uploads\/2022\/03\/WhatsApp-Image-2022-03-25-at-1.41.47-PM.jpeg\"><img loading=\"lazy\" decoding=\"async\" width=\"900\" height=\"599\" src=\"http:\/\/formalprision.com\/wp-content\/uploads\/2022\/03\/WhatsApp-Image-2022-03-25-at-1.41.47-PM.jpeg\" alt=\"\" class=\"wp-image-97998\" srcset=\"https:\/\/formalprision.com\/wp-content\/uploads\/2022\/03\/WhatsApp-Image-2022-03-25-at-1.41.47-PM.jpeg 900w, https:\/\/formalprision.com\/wp-content\/uploads\/2022\/03\/WhatsApp-Image-2022-03-25-at-1.41.47-PM-300x200.jpeg 300w, https:\/\/formalprision.com\/wp-content\/uploads\/2022\/03\/WhatsApp-Image-2022-03-25-at-1.41.47-PM-768x511.jpeg 768w\" sizes=\"auto, (max-width: 900px) 100vw, 900px\" \/><\/a><\/figure>\n\n\n\n<p>\u201cEs indispensable caminar con el mismo rumbo para poder avanzar, caminos opuestos es retroceso seguro. Hoy m\u00e1s que nunca, M\u00e9xico debe estar unido, privilegiemos el di\u00e1logo y el acuerdo\u201d, indic\u00f3.<\/p>\n\n\n\n<p>\u201cEs urgente atender a los sectores sociales m\u00e1s vulnerables y desprotegidos y para lograr el bienestar social, necesariamente debemos construir y conservar la infraestructura. Debemos acelerar su construcci\u00f3n para reducir urgentemente el rezago que tenemos y que impide ejercer la justicia social. Para eso estamos hoy aqu\u00ed: \u00a1Continuemos unidos trabajando juntos por M\u00e9xico!\u201d, expres\u00f3 el l\u00edder nacional de la CMIC.<\/p>\n\n\n\n<p>En su intervenci\u00f3n, el presidente del CCE recalc\u00f3 los seis puntos de la agenda que impulsa ese organismo: la reactivaci\u00f3n econ\u00f3mica, el apoyo a las Mipymes, la generaci\u00f3n de mayor infraestructura, el \u00f3ptimo aprovechamiento del TMEC, la consolidaci\u00f3n de la inclusi\u00f3n y sentido social de las empresas, y la recuperaci\u00f3n de la confianza en los empresarios y en M\u00e9xico, privilegiando el di\u00e1logo entre todos los actores.<\/p>\n\n\n\n<p>\u201cAl entrelazarse los puntos que he mencionado, debo destacar la f\u00f3rmula virtuosa de dos de ellos muy coincidente con la actual etapa del CCE: la reactivaci\u00f3n econ\u00f3mica y el desarrollo de infraestructura sostenible, una infraestructura que permita emprender obras que mejoren la productividad, la conectividad, la energ\u00eda y el mejor aprovechamiento de los recursos naturales\u201d, apunt\u00f3 Cervantes D\u00edaz.<\/p>\n\n\n\n<p>El l\u00edder del CCE dijo que Yucat\u00e1n es marco ideal para reflexionar sobre el desarrollo sostenible, pues tiene ejemplos de fama mundial y es un referente en esta materia: \u201cCon reflexi\u00f3n, intercambios de mejores pr\u00e1cticas y di\u00e1logo con acuerdos, ser\u00e1 posible ser vanguardia y ejemplo en este anhelo de consolidar infraestructura con desarrollo sostenible, y para este objetivo, cuenten siempre con el CCE\u201d, subray\u00f3.<\/p>\n\n\n\n<p>A su vez, Abugaber Adonie felicit\u00f3 a la CMIC por su 69 aniversario y por ser un activo constructor de los cimentos del pa\u00eds, generando empleos y derrama econ\u00f3mica; ofreci\u00f3, asimismo, todo el apoyo de la Concamin para seguir presionando al gobierno federal a fin de que aumente la inversi\u00f3n en infraestructura y entregue las obras a los constructores, no a la Sedena, que hace un gran trabajo, pero no le corresponde.<\/p>\n\n\n\n<p>\u201cEn 2019 hubo buenos n\u00fameros, pero en 2021 el sector cay\u00f3 casi un 20% porque, precisamente, el gobierno federal no les ha entregado proyectos a ustedes, que son los que saben hacer las grandes obras. Cuenten conmigo para seguir gestionando la inversi\u00f3n en infraestructura\u201d, subray\u00f3.<\/p>\n\n\n\n<p>El l\u00edder de la Concamin reconoci\u00f3 el trabajo que realizan el gobernador Villa Dosal y la CMIC en Yucat\u00e1n, un estado que se ha consolidado como el centro financiero, acad\u00e9mico, educativo, industrial y comercial del Sureste: \u201ceste estado es la cuarta econom\u00eda m\u00e1s din\u00e1mica del pa\u00eds y eso tiene un impacto positivo en la industria manufacturera de la construcci\u00f3n\u201d, afirm\u00f3 el l\u00edder empresarial.<\/p>\n\n\n\n<p>En su mensaje de bienvenida, Monforte Gonz\u00e1lez confirm\u00f3 que la situaci\u00f3n de Yucat\u00e1n es un poco diferente al panorama nacional, pues la econom\u00eda crece, igual que la generaci\u00f3n de empleos, como resultado de la coordinaci\u00f3n que existe con los tres \u00f3rdenes de gobierno, lo cual se refleja positivamente en el sector de la construcci\u00f3n.<\/p>\n\n\n\n<p>Al referirse a la situaci\u00f3n del pa\u00eds, el presidente local de la CMIC indic\u00f3 que solucionar la crisis de infraestructura actual \u201crequiere un alto nivel de coordinaci\u00f3n, bajo el liderazgo y la gesti\u00f3n de una autoridad central, pero escuchando a todas las partes interesadas en un aut\u00e9ntico ejercicio democr\u00e1tico, con libre acceso a la participaci\u00f3n tanto p\u00fablica como privada, dentro de un marco regulatorio favorable a la competencia, y respetando sin pretextos el Estado de Derecho vigente, que promueva el libre mercado\u201d.<\/p>\n\n\n\n<p>&nbsp;\u201cAmigos y colegas de esta gran familia que es la CMIC, Hay dos opciones de futuro para la industria de la construcci\u00f3n: el que otros crean para nosotros, o el que hemos decidido construir para nosotros mismos. Yo, como presidente de la C\u00e1mara Mexicana de la Industria de la Construcci\u00f3n Delegaci\u00f3n Yucat\u00e1n, les invito a crear juntos una industria de la construcci\u00f3n generadora de desarrollo, bienestar y prosperidad: \u00a1Caminemos unidos por el desarrollo sostenible de M\u00e9xico!\u201d, expres\u00f3 Monforte, ante los aplausos de los asistentes.<\/p>\n\n\n\n<p>En su mensaje de cierre del evento, Vila Dosal destac\u00f3 los avances de su gobierno en materia de seguridad y atracci\u00f3n de inversiones, de los logros que han generado de manera conjunta el gobierno y los diferentes sectores, y de la buena relaci\u00f3n que existe con el gobierno federal, todo lo cual, dijo, se traduce en buenos frutos para Yucat\u00e1n.<\/p>\n\n\n\n<p>El gobernador afirm\u00f3 que vienen m\u00e1s inversiones en obras como el nuevo Hospital O\u2019Hor\u00e1n, la ampliaci\u00f3n del dragado, el canal de navegaci\u00f3n y las instalaciones del Puerto de Altura de Progreso -para la instalaci\u00f3n del astillero Fincantieri, que ser\u00e1 el m\u00e1s grande de Am\u00e9rica-, el gran parque de \u201cLa Plancha\u201d, dos plantas termoel\u00e9ctricas y la ampliaci\u00f3n del gasoducto de Energ\u00eda Mayak\u00e1n, entre otros proyectos importantes que continuar\u00e1n impulsando al sector de la construcci\u00f3n.<\/p>\n\n\n\n<p>En el marco del Foro Nacional, los integrantes del Consejo Directivo Nacional 2022-2023 de la CMIC rindieron protesta y, al t\u00e9rmino de la inauguraci\u00f3n, hubo tres mesas panel y una conferencia magistral, donde se abordaron diferentes temas relacionados con la infraestructura, energ\u00eda, log\u00edstica y el desarrollo sostenible.<\/p>\n\n\n\n<p>El Foro fue patrocinado por Impulsora Hidr\u00e1ulica, El Niplito del Sureste, Software One, Petromayab, Sadasi y Dinercap.<\/p>\n","protected":false},"excerpt":{"rendered":"<p>Mayor inversi\u00f3n en obra p\u00fablica, la asignaci\u00f3n de proyectos a las empresas del sector en vez de a las fuerzas armadas, respeto al Estado de Derecho y una reforma que<\/p>\n","protected":false},"author":2,"featured_media":97999,"comment_status":"open","ping_status":"open","sticky":false,"template":"","format":"standard","meta":{"jetpack_post_was_ever_published":false,"_jetpack_newsletter_access":"","_jetpack_dont_email_post_to_subs":false,"_jetpack_newsletter_tier_id":0,"_jetpack_memberships_contains_paywalled_content":false,"_jetpack_memberships_contains_paid_content":false,"footnotes":"","jetpack_publicize_message":"","jetpack_publicize_feature_enabled":true,"jetpack_social_post_already_shared":true,"jetpack_social_options":{"image_generator_settings":{"template":"highway","default_image_id":0,"font":"","enabled":false},"version":2}},"categories":[54],"tags":[],"class_list":["post-97996","post","type-post","status-publish","format-standard","has-post-thumbnail","hentry","category-yucatan"],"jetpack_publicize_connections":[],"jetpack_featured_media_url":"https:\/\/formalprision.com\/wp-content\/uploads\/2022\/03\/WhatsApp-Image-2022-03-25-at-1.41.47-PM-1.jpeg","jetpack_sharing_enabled":true,"jetpack_shortlink":"https:\/\/wp.me\/p6id8p-puA","_links":{"self":[{"href":"https:\/\/formalprision.com\/index.php?rest_route=\/wp\/v2\/posts\/97996","targetHints":{"allow":["GET"]}}],"collection":[{"href":"https:\/\/formalprision.com\/index.php?rest_route=\/wp\/v2\/posts"}],"about":[{"href":"https:\/\/formalprision.com\/index.php?rest_route=\/wp\/v2\/types\/post"}],"author":[{"embeddable":true,"href":"https:\/\/formalprision.com\/index.php?rest_route=\/wp\/v2\/users\/2"}],"replies":[{"embeddable":true,"href":"https:\/\/formalprision.com\/index.php?rest_route=%2Fwp%2Fv2%2Fcomments&post=97996"}],"version-history":[{"count":0,"href":"https:\/\/formalprision.com\/index.php?rest_route=\/wp\/v2\/posts\/97996\/revisions"}],"wp:featuredmedia":[{"embeddable":true,"href":"https:\/\/formalprision.com\/index.php?rest_route=\/wp\/v2\/media\/97999"}],"wp:attachment":[{"href":"https:\/\/formalprision.com\/index.php?rest_route=%2Fwp%2Fv2%2Fmedia&parent=97996"}],"wp:term":[{"taxonomy":"category","embeddable":true,"href":"https:\/\/formalprision.com\/index.php?rest_route=%2Fwp%2Fv2%2Fcategories&post=97996"},{"taxonomy":"post_tag","embeddable":true,"href":"https:\/\/formalprision.com\/index.php?rest_route=%2Fwp%2Fv2%2Ftags&post=97996"}],"curies":[{"name":"wp","href":"https:\/\/api.w.org\/{rel}","templated":true}]}}