{"id":98001,"date":"2022-03-26T10:14:22","date_gmt":"2022-03-26T15:14:22","guid":{"rendered":"http:\/\/formalprision.com\/?p=98001"},"modified":"2022-03-26T20:09:23","modified_gmt":"2022-03-27T01:09:23","slug":"realizaran-campana-para-recaudar-materiales-y-donarlos-al-centro-ayuda-autismo-yucatan","status":"publish","type":"post","link":"https:\/\/formalprision.com\/?p=98001","title":{"rendered":"Realizar\u00e1n campa\u00f1a para recaudar materiales y donarlos al Centro Ayuda Autismo Yucat\u00e1n"},"content":{"rendered":"\n<p>M\u00c9RIDA.- En el marco de la caminata que se realizar\u00e1 el s\u00e1bado 2 de abril en Paseo de Montejo, por el D\u00eda Internacional del Autismo, la campa\u00f1a BTS y Army por el autismo recaudar\u00e1 donaciones en especie para la asociaci\u00f3n Centro Ayuda Autismo Yucat\u00e1n.<\/p>\n\n\n\n<p>La caminata, como informamos en nota previa, saldr\u00e1 del remate de Montejo a las 6 de la tarde y avanzar\u00e1 por Paseo de Montejo.<\/p>\n\n\n\n<p>La recaudaci\u00f3n de donaciones tiene como objetivo ayudar a los ni\u00f1os a tener materiales para trabajar y mejorar su calidad de aprendizaje.<\/p>\n\n\n\n<p>Al finalizar la caminata recibir\u00e1n las donaciones la directora de Centro Ayuda, Jacqueline, y la activista Renata P\u00e9rez Zamudio.<\/p>\n\n\n\n<p>Asistas o no a la caminata puedes llevar las donaciones al Centro Ayuda Autismo Yucat\u00e1n, en la calle 40 n\u00famero 477 por 25 del fraccionamiento Pinos.<\/p>\n\n\n\n<p>Tambi\u00e9n el d\u00eda 3 de abril se llevar\u00e1 a cabo la kerm\u00e9s del Centro Ayuda Autismo Yucat\u00e1n, en Prolongaci\u00f3n Montejo, durante la Bici-Ruta.<\/p>\n\n\n\n<p><strong>\u00bfQu\u00e9 puedes donar?<\/strong><\/p>\n\n\n\n<p>Relojes educativos, cubos chicos y grandes para apilar, fichas, pijas geom\u00e9tricas, patrones geom\u00e9tricos, flashcards, domin\u00f3 del estado de \u00e1nimo, domin\u00f3 de colores, domin\u00f3 del cuerpo humano, memoramas, teatro tiendita, tapetes, casita de campa\u00f1a, focos enroscables y juego de pescar.<\/p>\n\n\n\n<p>Tambi\u00e9n t\u00fanel gusanito, montables, porter\u00eda, juego de baloncesto, pelota de b\u00e1squetbol, carrito de supermercado, carretilla infantil, tel\u00e9fono parlanch\u00edn, rompecabezas de madera, material para motricidad fina (aritos, cuentas, plastilina, moldes), tarjetas de vocabulario, material para estimulaci\u00f3n y juguetes musicales.<\/p>\n","protected":false},"excerpt":{"rendered":"<p>M\u00c9RIDA.- En el marco de la caminata que se realizar\u00e1 el s\u00e1bado 2 de abril en Paseo de Montejo, por el D\u00eda Internacional del Autismo, la campa\u00f1a BTS y Army<\/p>\n","protected":false},"author":2,"featured_media":98003,"comment_status":"open","ping_status":"open","sticky":false,"template":"","format":"standard","meta":{"jetpack_post_was_ever_published":false,"_jetpack_newsletter_access":"","_jetpack_dont_email_post_to_subs":false,"_jetpack_newsletter_tier_id":0,"_jetpack_memberships_contains_paywalled_content":false,"_jetpack_memberships_contains_paid_content":false,"footnotes":"","jetpack_publicize_message":"El Centro Ayuda Autismo Yucat\u00e1n cumple una importante funci\u00f3n en apoyo a ni\u00f1os con este s\u00edndrome. Puedes donar el d\u00eda de la caminata (2 de abril) o en su local de la calle 40 n\u00famero 477 por 25 del fraccionamiento Pinos en M\u00e9rida. ","jetpack_publicize_feature_enabled":true,"jetpack_social_post_already_shared":true,"jetpack_social_options":{"image_generator_settings":{"template":"highway","default_image_id":0,"font":"","enabled":false},"version":2}},"categories":[54],"tags":[],"class_list":["post-98001","post","type-post","status-publish","format-standard","has-post-thumbnail","hentry","category-yucatan"],"jetpack_publicize_connections":[],"jetpack_featured_media_url":"https:\/\/formalprision.com\/wp-content\/uploads\/2022\/03\/WhatsApp-Image-2022-03-23-at-8.57.42-AM-1.jpeg","jetpack_sharing_enabled":true,"jetpack_shortlink":"https:\/\/wp.me\/p6id8p-puF","_links":{"self":[{"href":"https:\/\/formalprision.com\/index.php?rest_route=\/wp\/v2\/posts\/98001","targetHints":{"allow":["GET"]}}],"collection":[{"href":"https:\/\/formalprision.com\/index.php?rest_route=\/wp\/v2\/posts"}],"about":[{"href":"https:\/\/formalprision.com\/index.php?rest_route=\/wp\/v2\/types\/post"}],"author":[{"embeddable":true,"href":"https:\/\/formalprision.com\/index.php?rest_route=\/wp\/v2\/users\/2"}],"replies":[{"embeddable":true,"href":"https:\/\/formalprision.com\/index.php?rest_route=%2Fwp%2Fv2%2Fcomments&post=98001"}],"version-history":[{"count":0,"href":"https:\/\/formalprision.com\/index.php?rest_route=\/wp\/v2\/posts\/98001\/revisions"}],"wp:featuredmedia":[{"embeddable":true,"href":"https:\/\/formalprision.com\/index.php?rest_route=\/wp\/v2\/media\/98003"}],"wp:attachment":[{"href":"https:\/\/formalprision.com\/index.php?rest_route=%2Fwp%2Fv2%2Fmedia&parent=98001"}],"wp:term":[{"taxonomy":"category","embeddable":true,"href":"https:\/\/formalprision.com\/index.php?rest_route=%2Fwp%2Fv2%2Fcategories&post=98001"},{"taxonomy":"post_tag","embeddable":true,"href":"https:\/\/formalprision.com\/index.php?rest_route=%2Fwp%2Fv2%2Ftags&post=98001"}],"curies":[{"name":"wp","href":"https:\/\/api.w.org\/{rel}","templated":true}]}}