{"id":98021,"date":"2022-03-26T20:46:44","date_gmt":"2022-03-27T01:46:44","guid":{"rendered":"http:\/\/formalprision.com\/?p=98021"},"modified":"2022-03-28T13:11:40","modified_gmt":"2022-03-28T18:11:40","slug":"inicia-encuentro-internacional-en-torno-a-la-lectura","status":"publish","type":"post","link":"https:\/\/formalprision.com\/?p=98021","title":{"rendered":"Inicia encuentro internacional en torno a la lectura"},"content":{"rendered":"\n<p>M\u00e9rida, Yucat\u00e1n, 26 de marzo de 2022.- Reconocidos exponentes de las letras, cultura y academia, provenientes de 20 pa\u00edses, participan en la d\u00e9cima edici\u00f3n de la Feria Internacional de la Lectura Yucat\u00e1n (Filey), que inaugur\u00f3 la titular de la Secretar\u00eda de la Cultura y las Artes (Sedeculta), Loreto Villanueva Trujillo, en ceremonia que enmarc\u00f3 la entrega del Premio Excelencia en las Letras \u201cJos\u00e9 Emilio Pacheco\u201d 2022, a la escritora Rosa Beltr\u00e1n.<\/p>\n\n\n\n<p>En el Centro Cultural de la Universidad Aut\u00f3noma de Yucat\u00e1n (UADY), la funcionaria precis\u00f3 que el fomento a la cultura y educaci\u00f3n es la v\u00eda para enfrentar retos futuros, por lo que se ha consolidado proyectos para incentivar el talento creativo de ni\u00f1as, ni\u00f1os, j\u00f3venes y personas adultas, en toda la geograf\u00eda estatal.<\/p>\n\n\n\n<p>\u00abTenemos acciones que abonan a la pol\u00edtica cultural en el estado, como la conclusi\u00f3n de la construcci\u00f3n del Teatro \u2018Jos\u00e9 Mar\u00eda Iturralde Traconis\u2019; en ese magn\u00edfico teatro, vamos a habilitar, dentro de poco, una librer\u00eda que, sin duda, beneficiar\u00e1 a miles de personas que viven en Valladolid y municipios cercanos. Muy pronto, tambi\u00e9n, estaremos habilitando una Casa de la Cultura en todos los municipios del interior del estado, para que cualquier persona, en Yucat\u00e1n, tenga acceso a alguna actividad\u00bb, subray\u00f3.<\/p>\n\n\n\n<p>De igual manera, puntualiz\u00f3 que dichas estrategias responden al compromiso con garantizar el acceso igualitario y equitativo a la lectura, el libro y las bibliotecas; el impulso al fomento del h\u00e1bito lector, y la formaci\u00f3n continua de agentes de la cadena editorial, bibliotecarios y mediadores.<\/p>\n\n\n\n<p>Al hacer uso de la palabra, el rector de la m\u00e1xima casa de estudios de la entidad, Jos\u00e9 de Jes\u00fas Williams, celebr\u00f3 la oportunidad de que la Filey pueda realizarse en el a\u00f1o del centenario de la UADY y que re\u00fana m\u00e1s de 450 opciones presenciales y virtuales, teniendo como expectativa llegar a 500 mil personas, en este formato h\u00edbrido.<\/p>\n\n\n\n<p>Para el arranque de esta fiesta literaria, la m\u00e1s relevante del sureste de M\u00e9xico, la novelista, cuentista, ensayista y traductora Rosa Beltr\u00e1n recibi\u00f3 el Premio Excelencia en las Letras \u201cJos\u00e9 Emilio Pacheco\u201d 2022, que otorga la UADY, a trav\u00e9s de la Feria y la asociaci\u00f3n UC-Mexicanistas.<\/p>\n\n\n\n<p>\u00abEste premio es justamente el permiso para pensar que se puede alcanzar un nivel mayor de comprensi\u00f3n del mundo y una maestr\u00eda literaria que supere lo que antes se ha escrito. As\u00ed que c\u00f3mo no va a ser un honor recibir el Premio de Excelencia a las Letras `Jos\u00e9 Emilio Pacheco\u00b4 si ese nombre me lleva al autor del M\u00e9xico que fuimos y que ya no podremos ser, a una vida dedicada a la literatura y a mis a\u00f1os de juventud, esa juventud tan lejana y tan cercana al mismo tiempo\u00bb, comparti\u00f3 la recipiendaria.<\/p>\n\n\n\n<p>La d\u00e9cima edici\u00f3n de la Filey, que tiene como lema \u201cTodos los mundos posibles (Tul\u00e1akal y\u00f3ok\u2019ol kaabo\u2019ob ku b\u00e9eyak, en lengua maya)\u201d, contempla la participaci\u00f3n de personalidades de Iberoam\u00e9rica con trayectorias destacadas en visuales, cine, teatro, literatura, investigaci\u00f3n y m\u00fasica, haciendo hincapi\u00e9 en trabajos de talento mexicano.<\/p>\n\n\n\n<p>Siguiendo todas las medidas que han dispuesto las instancias de salud, la cartelera, vigente hasta el 3 de abril, tendr\u00e1 como sedes las principales galer\u00edas y bibliotecas de esta capital.<\/p>\n\n\n\n<p>Los detalles de esta edici\u00f3n pueden consultarse en&nbsp;<a href=\"https:\/\/www.filey.org\/\">www.filey.org<\/a>&nbsp;y en las redes sociales de la Sedeculta y la Secretar\u00eda de Educaci\u00f3n (Segey), que conjuntaron esfuerzos para nutrir la oferta, con talleres, actividades art\u00edsticas, creaci\u00f3n literaria y aprendizaje, para todas la edades.<\/p>\n\n\n\n<p>Acudieron al evento la directora de UC-Mexicanistas, Sara Poot Herrera; la presidenta del jurado del Premio Excelencia en las Letras \u00abJos\u00e9 Emilio Pacheco\u00bb, Beatriz Mariscal Hay; as\u00ed como los directores general de la Filey, Enrique Mart\u00edn Brice\u00f1o;&nbsp;<\/p>\n","protected":false},"excerpt":{"rendered":"<p>M\u00e9rida, Yucat\u00e1n, 26 de marzo de 2022.- Reconocidos exponentes de las letras, cultura y academia, provenientes de 20 pa\u00edses, participan en la d\u00e9cima edici\u00f3n de la Feria Internacional de la<\/p>\n","protected":false},"author":1,"featured_media":98022,"comment_status":"open","ping_status":"open","sticky":false,"template":"","format":"standard","meta":{"jetpack_post_was_ever_published":false,"_jetpack_newsletter_access":"","_jetpack_dont_email_post_to_subs":false,"_jetpack_newsletter_tier_id":0,"_jetpack_memberships_contains_paywalled_content":false,"_jetpack_memberships_contains_paid_content":false,"footnotes":"","jetpack_publicize_message":"Con un programa que incluye m\u00e1s de 450 actividades presenciales y virtuales, se inaugura la Filey 2022.","jetpack_publicize_feature_enabled":true,"jetpack_social_post_already_shared":true,"jetpack_social_options":{"image_generator_settings":{"template":"highway","default_image_id":0,"font":"","enabled":false},"version":2}},"categories":[33],"tags":[],"class_list":["post-98021","post","type-post","status-publish","format-standard","has-post-thumbnail","hentry","category-cultura"],"jetpack_publicize_connections":[],"jetpack_featured_media_url":"https:\/\/formalprision.com\/wp-content\/uploads\/2022\/03\/IMG-20220326-WA0059.jpg","jetpack_sharing_enabled":true,"jetpack_shortlink":"https:\/\/wp.me\/p6id8p-puZ","_links":{"self":[{"href":"https:\/\/formalprision.com\/index.php?rest_route=\/wp\/v2\/posts\/98021","targetHints":{"allow":["GET"]}}],"collection":[{"href":"https:\/\/formalprision.com\/index.php?rest_route=\/wp\/v2\/posts"}],"about":[{"href":"https:\/\/formalprision.com\/index.php?rest_route=\/wp\/v2\/types\/post"}],"author":[{"embeddable":true,"href":"https:\/\/formalprision.com\/index.php?rest_route=\/wp\/v2\/users\/1"}],"replies":[{"embeddable":true,"href":"https:\/\/formalprision.com\/index.php?rest_route=%2Fwp%2Fv2%2Fcomments&post=98021"}],"version-history":[{"count":0,"href":"https:\/\/formalprision.com\/index.php?rest_route=\/wp\/v2\/posts\/98021\/revisions"}],"wp:featuredmedia":[{"embeddable":true,"href":"https:\/\/formalprision.com\/index.php?rest_route=\/wp\/v2\/media\/98022"}],"wp:attachment":[{"href":"https:\/\/formalprision.com\/index.php?rest_route=%2Fwp%2Fv2%2Fmedia&parent=98021"}],"wp:term":[{"taxonomy":"category","embeddable":true,"href":"https:\/\/formalprision.com\/index.php?rest_route=%2Fwp%2Fv2%2Fcategories&post=98021"},{"taxonomy":"post_tag","embeddable":true,"href":"https:\/\/formalprision.com\/index.php?rest_route=%2Fwp%2Fv2%2Ftags&post=98021"}],"curies":[{"name":"wp","href":"https:\/\/api.w.org\/{rel}","templated":true}]}}