{"id":98029,"date":"2022-03-26T22:01:24","date_gmt":"2022-03-27T03:01:24","guid":{"rendered":"http:\/\/formalprision.com\/?p=98029"},"modified":"2022-03-26T22:01:24","modified_gmt":"2022-03-27T03:01:24","slug":"coinciden-en-buscar-soluciones-de-fondo-al-problema-del-isstey","status":"publish","type":"post","link":"https:\/\/formalprision.com\/?p=98029","title":{"rendered":"Coinciden en buscar soluciones de fondo al problema del Isstey"},"content":{"rendered":"\n<p>M\u00e9rida, Yucat\u00e1n a 26 de Marzo de 2022.&nbsp;Afiliados al Isstey que laboran en el \u00e1rea de salud y educaci\u00f3n pidieron soluciones a fondo para asegurar la situaci\u00f3n financiera del organismo, pues ante las advertencias de su problem\u00e1tica situaci\u00f3n se ha generado inquietud entre sus agremiados.<\/p>\n\n\n\n<p>Emmy Sosa Novelo, Teresita Chan Calder\u00f3n, Laura Dortha Escoffi\u00e9 y Sandra Rodr\u00edguez Ortega, representantes del \u201cMovimiento Hormiga\u201d aseguraron que est\u00e1n a favor de la reforma, aunque todav\u00eda no se sabe con exactitud de qu\u00e9 manera afectar\u00e1 o impactar\u00e1 a las pensiones del movimiento.<\/p>\n\n\n\n<p>En rueda de prensa, en la que abordaron el tema de \u201cQuebranto y Reforma de la Ley del Isstey\u201d informaron que desde hace tiempo est\u00e1 en boca de todo mundo y que esto ha originado entre los trabajadores activos que han cumplido 30 a\u00f1os de servicio ininterrumpido un fuerte nerviosismo.<\/p>\n\n\n\n<p>Por ello, lamentaron la ausencia del diputado morenista, Rafael Echazarreta Torres, quien apenas el pasado d\u00eda 23 se hab\u00eda comprometido desde la tribuna del Congreso para apoyar el movimiento a una reforma que consideran trascendental para la burocracia estatal, tanto activos como jubilados y pensionados.<\/p>\n\n\n\n<p>Durante la conferencia, en el parque de Santa Ana, &nbsp;aseguraron que est\u00e1n a favor de la reforma pero piden que se tomen soluciones a fondo y que puedan tener la oportunidad de dar a conocer entre sus agremiados el impacto de la misma, pues hay trabajadores &nbsp;que en fecha pr\u00f3xima o en unos cuantos a\u00f1os cumplir\u00e1n el tiempo legal establecido hoy d\u00eda para poderse jubilar.<\/p>\n\n\n\n<p>Recordaron que el organismo ha sido la caja chica de gobiernos anteriores y que en caso de no tomarse medidas urgentes, tendr\u00e1 fuerte impacto no solo en la burocracia sino en varias \u00e1reas de la administraci\u00f3n p\u00fablica.<\/p>\n\n\n\n<p>-Nos dicen que el problema es tan grave que en 2027 no habr\u00e1 dinero para pagar las pensiones de los trabajadores del Estado, y por eso queremos ser informados de \u00e9ste proyecto, y as\u00ed lo dimos a conocer en una carta que enviamos al Congreso en d\u00edas pasados.<\/p>\n\n\n\n<p>Por \u00faltimo lamentaron que Echazarreta Torres no acudiera a la cita luego de que en tribuna se manifestara a favor de analizar las reformas de las cuales se est\u00e1n hablando, pero todav\u00eda no se sabe en qu\u00e9 consistir\u00e1n.<\/p>\n\n\n\n<p>El gobierno del Estado anunci\u00f3 en d\u00edas pasados la conformaci\u00f3n de un Comit\u00e9 de Expertos, integrado por los mejores especialistas para atender la situaci\u00f3n del Instituto de Seguridad Social de los Trabajadores del Estado (Isstey), seg\u00fan informaron la directora de esta instancia, Mar\u00eda Isabel Rodr\u00edguez Heredia y la titular de la Secretar\u00eda de Administraci\u00f3n y Finanzas (SAF), Olga Rosas Moya; quienes informaron que este grupo contar\u00e1 con la participaci\u00f3n de 8 expertos, quienes estar\u00e1n proponiendo las mejores opciones para hacer lo que sea necesario y darle un soluci\u00f3n a este tema.<\/p>\n","protected":false},"excerpt":{"rendered":"<p>M\u00e9rida, Yucat\u00e1n a 26 de Marzo de 2022.&nbsp;Afiliados al Isstey que laboran en el \u00e1rea de salud y educaci\u00f3n pidieron soluciones a fondo para asegurar la situaci\u00f3n financiera del organismo,<\/p>\n","protected":false},"author":1,"featured_media":98030,"comment_status":"open","ping_status":"open","sticky":false,"template":"","format":"standard","meta":{"jetpack_post_was_ever_published":false,"_jetpack_newsletter_access":"","_jetpack_dont_email_post_to_subs":false,"_jetpack_newsletter_tier_id":0,"_jetpack_memberships_contains_paywalled_content":false,"_jetpack_memberships_contains_paid_content":false,"footnotes":"","jetpack_publicize_message":"Movimiento Hormiga a favor de reforma para dar soluciones a fondo que aseguren estabilidad econ\u00f3mica del Isstey_","jetpack_publicize_feature_enabled":true,"jetpack_social_post_already_shared":true,"jetpack_social_options":{"image_generator_settings":{"template":"highway","default_image_id":0,"font":"","enabled":false},"version":2}},"categories":[54],"tags":[],"class_list":["post-98029","post","type-post","status-publish","format-standard","has-post-thumbnail","hentry","category-yucatan"],"jetpack_publicize_connections":[],"jetpack_featured_media_url":"https:\/\/formalprision.com\/wp-content\/uploads\/2022\/03\/IMG-20220326-WA0084.jpg","jetpack_sharing_enabled":true,"jetpack_shortlink":"https:\/\/wp.me\/p6id8p-pv7","_links":{"self":[{"href":"https:\/\/formalprision.com\/index.php?rest_route=\/wp\/v2\/posts\/98029","targetHints":{"allow":["GET"]}}],"collection":[{"href":"https:\/\/formalprision.com\/index.php?rest_route=\/wp\/v2\/posts"}],"about":[{"href":"https:\/\/formalprision.com\/index.php?rest_route=\/wp\/v2\/types\/post"}],"author":[{"embeddable":true,"href":"https:\/\/formalprision.com\/index.php?rest_route=\/wp\/v2\/users\/1"}],"replies":[{"embeddable":true,"href":"https:\/\/formalprision.com\/index.php?rest_route=%2Fwp%2Fv2%2Fcomments&post=98029"}],"version-history":[{"count":0,"href":"https:\/\/formalprision.com\/index.php?rest_route=\/wp\/v2\/posts\/98029\/revisions"}],"wp:featuredmedia":[{"embeddable":true,"href":"https:\/\/formalprision.com\/index.php?rest_route=\/wp\/v2\/media\/98030"}],"wp:attachment":[{"href":"https:\/\/formalprision.com\/index.php?rest_route=%2Fwp%2Fv2%2Fmedia&parent=98029"}],"wp:term":[{"taxonomy":"category","embeddable":true,"href":"https:\/\/formalprision.com\/index.php?rest_route=%2Fwp%2Fv2%2Fcategories&post=98029"},{"taxonomy":"post_tag","embeddable":true,"href":"https:\/\/formalprision.com\/index.php?rest_route=%2Fwp%2Fv2%2Ftags&post=98029"}],"curies":[{"name":"wp","href":"https:\/\/api.w.org\/{rel}","templated":true}]}}