{"id":98044,"date":"2022-03-27T22:51:09","date_gmt":"2022-03-28T03:51:09","guid":{"rendered":"http:\/\/formalprision.com\/?p=98044"},"modified":"2022-03-28T17:02:20","modified_gmt":"2022-03-28T22:02:20","slug":"muere-frida-la-perrita-rescatista-en-el-terremoto-de-2017","status":"publish","type":"post","link":"https:\/\/formalprision.com\/?p=98044","title":{"rendered":"Muere Frida, la perrita rescatista en el terremoto de 2017"},"content":{"rendered":"\n<p>Frida, la perrita rescatista que colabor\u00f3 en cat\u00e1strofes como la del terremoto del 19 de septiembre de 2017, muri\u00f3 este domingo, de acuerdo con el reporte de sus cuidadores.<\/p>\n\n\n\n<p>Antes de que se informara sobre su muerte, durante los \u00faltimos d\u00edas se report\u00f3 como delicado el estado de salud de Frida, quien muri\u00f3 a los 13 a\u00f1os.<\/p>\n\n\n\n<p>Frida se viraliz\u00f3 en el terremoto del 19S, cuando colabor\u00f3 con fuerzas rescatistas de la Secretar\u00eda de Marina en el hallazgo de personas que quedaron sepultadas en los escombros tras el terremoto del 19 de septiembre de 2017.<\/p>\n","protected":false},"excerpt":{"rendered":"<p>Frida, la perrita rescatista que colabor\u00f3 en cat\u00e1strofes como la del terremoto del 19 de septiembre de 2017, muri\u00f3 este domingo, de acuerdo con el reporte de sus cuidadores. Antes<\/p>\n","protected":false},"author":2,"featured_media":98046,"comment_status":"open","ping_status":"open","sticky":false,"template":"","format":"standard","meta":{"jetpack_post_was_ever_published":false,"_jetpack_newsletter_access":"","_jetpack_dont_email_post_to_subs":false,"_jetpack_newsletter_tier_id":0,"_jetpack_memberships_contains_paywalled_content":false,"_jetpack_memberships_contains_paid_content":false,"footnotes":"","jetpack_publicize_message":"Frida se convirti\u00f3 en un suceso por sus rescates tras el terremoto de septiembre de 2017 en el Ciudad de M\u00e9xico.","jetpack_publicize_feature_enabled":true,"jetpack_social_post_already_shared":true,"jetpack_social_options":{"image_generator_settings":{"template":"highway","default_image_id":0,"font":"","enabled":false},"version":2}},"categories":[23,1589],"tags":[],"class_list":["post-98044","post","type-post","status-publish","format-standard","has-post-thumbnail","hentry","category-del-mundo","category-rotador-inferior"],"jetpack_publicize_connections":[],"jetpack_featured_media_url":"https:\/\/formalprision.com\/wp-content\/uploads\/2022\/03\/frid.jpg","jetpack_sharing_enabled":true,"jetpack_shortlink":"https:\/\/wp.me\/p6id8p-pvm","_links":{"self":[{"href":"https:\/\/formalprision.com\/index.php?rest_route=\/wp\/v2\/posts\/98044","targetHints":{"allow":["GET"]}}],"collection":[{"href":"https:\/\/formalprision.com\/index.php?rest_route=\/wp\/v2\/posts"}],"about":[{"href":"https:\/\/formalprision.com\/index.php?rest_route=\/wp\/v2\/types\/post"}],"author":[{"embeddable":true,"href":"https:\/\/formalprision.com\/index.php?rest_route=\/wp\/v2\/users\/2"}],"replies":[{"embeddable":true,"href":"https:\/\/formalprision.com\/index.php?rest_route=%2Fwp%2Fv2%2Fcomments&post=98044"}],"version-history":[{"count":0,"href":"https:\/\/formalprision.com\/index.php?rest_route=\/wp\/v2\/posts\/98044\/revisions"}],"wp:featuredmedia":[{"embeddable":true,"href":"https:\/\/formalprision.com\/index.php?rest_route=\/wp\/v2\/media\/98046"}],"wp:attachment":[{"href":"https:\/\/formalprision.com\/index.php?rest_route=%2Fwp%2Fv2%2Fmedia&parent=98044"}],"wp:term":[{"taxonomy":"category","embeddable":true,"href":"https:\/\/formalprision.com\/index.php?rest_route=%2Fwp%2Fv2%2Fcategories&post=98044"},{"taxonomy":"post_tag","embeddable":true,"href":"https:\/\/formalprision.com\/index.php?rest_route=%2Fwp%2Fv2%2Ftags&post=98044"}],"curies":[{"name":"wp","href":"https:\/\/api.w.org\/{rel}","templated":true}]}}