{"id":98064,"date":"2022-03-28T16:49:54","date_gmt":"2022-03-28T21:49:54","guid":{"rendered":"http:\/\/formalprision.com\/?p=98064"},"modified":"2022-03-28T16:49:54","modified_gmt":"2022-03-28T21:49:54","slug":"mauricio-vila-dosal-inaugural-buevo-centro-logistico-en-merida","status":"publish","type":"post","link":"https:\/\/formalprision.com\/?p=98064","title":{"rendered":"Mauricio Vila Dosal  inaugural buevo Centro Log\u00edstico en M\u00e9rida"},"content":{"rendered":"\n<p>M\u00e9rida, Yucat\u00e1n, 28 de marzo de 2022.- Las inversiones y la generaci\u00f3n de empleos en Yucat\u00e1n no se detienen, pues resultado del trabajo en equipo entre Gobierno del Estado e iniciativa privada, est\u00e1n logrando la recuperaci\u00f3n econ\u00f3mica del estado y, como muestra de ello, el gobernador Mauricio Vila Dosal inaugur\u00f3 las nuevas instalaciones de WHM Centro Log\u00edstico en M\u00e9rida.&nbsp;<br>,Este Centro est\u00e1 generando m\u00e1s de 50 fuentes de trabajo, entre directas e indirectas, &nbsp;tras una inversi\u00f3n de 12 millones de pesos.<\/p>\n\n\n\n<p>Desde este recinto, ubicado en el fraccionamiento Parque Industrial, al norte de la ciudad, Vila Dosal y las socias de la compa\u00f1\u00eda, Mar\u00eda Cecilia Campos M\u00e9ndez y Aracely Ortiz Aguayo, as\u00ed como el director general de la misma, Jos\u00e9 Luis Alema\u00f1y Ortiz, cortaron el list\u00f3n inaugural y recorrieron las \u00e1reas administrativas, operativas y de almac\u00e9n, que conforman este espacio laboral.<\/p>\n\n\n\n<p>Al tomar la palabra, Alema\u00f1y Ort\u00edz agradeci\u00f3 el respaldo del gobernador a los emprendedores locales, que ha sido vital para mantener y generar m\u00e1s puestos de trabajo en la entidad, ya que, en 2020, en el momento m\u00e1s \u00e1lgido de la pandemia, esta firma accedi\u00f3 a un cr\u00e9dito a trav\u00e9s del programa estatal Impulsa Yucat\u00e1n, en donde se cuenta con una l\u00ednea de cr\u00e9dito por 2,000 millones de pesos gestionados por Vila Dosal ante Nacional Financiera (Nafin) para apoyar a este sector.<\/p>\n\n\n\n<p>\u201cDefinitivamente, las condiciones en Yucat\u00e1n est\u00e1n puestas para poder emprender un negocio, con cualidades como seguridad, infraestructura, log\u00edstica carretera; la cercan\u00eda con el puerto de Progreso, que tambi\u00e9n ha estado creciendo y ayuda para generar mayor demanda de consumo en el estado, pero, sobre todo, agradecemos el apoyo que brinda el Gobierno del Estado a los que estamos generando empleos\u201d, se\u00f1al\u00f3 ante el director de Operaciones del Centro Log\u00edstico, Miguel Hern\u00e1ndez Basulto.<\/p>\n\n\n\n<p>Acompa\u00f1ado del titular de la Secretar\u00eda de Fomento Econ\u00f3mico y Trabajo (Sefoet), Ernesto Herrera Novelo, Vila Dosal resalt\u00f3 el importante esfuerzo que estamos haciendo los yucatecos para levantarnos de los momentos dif\u00edciles, marcados por la pandemia y fen\u00f3menos naturales, pues la realidad es que, hoy, trabajando juntos, vemos que nuestra econom\u00eda se est\u00e1 reactivando.<\/p>\n\n\n\n<p>Durante la contingencia sanitaria, se perderon 25,000 empleos en la entidad, pero ya se han generado 36,000, es decir, 11,000 m\u00e1s de los que se ten\u00eda antes de dicha emergencia.&nbsp;<br>Asimismo, los indicadores son positivos, ya que el n\u00famero de trabajadores formales afiliados al Instituto Mexicano del Seguro Social (IMSS) es el m\u00e1s alto en la historia del territorio y, mientras la econom\u00eda del pa\u00eds est\u00e1 aumentando al 5.6%, la entidad increment\u00f3 m\u00e1s del 8%, debido al trabajo que estamos haciendo en conjunto, expuso.<\/p>\n\n\n\n<p>Al abundar sobre las acciones que emprendi\u00f3 la administraci\u00f3n a su cargo para mitigar los efectos de la pandemia,&nbsp; indic\u00f3 que, primero, se cuid\u00f3 la salud de las personas, con medidas que a muchas personas no les gustaron; sin embargo, mientras que, en muchos lugares de M\u00e9xico, hubo 4 olas, aqu\u00ed, solamente tuvimos 2, mientras que nuestra econom\u00eda no se rezag\u00f3 y es de las que m\u00e1s han crecido.<\/p>\n\n\n\n<p>El siguiente paso, agreg\u00f3, fue apoyar a quienes menos tienen, con la entrega de m\u00e1s de 2 millones 400,000 paquetes de apoyos alimentarios, en 2020, y con el programa Yucat\u00e1n Solidario, mediante el cual llegaron a muchas comunidades los donativos recibidos; tambi\u00e9n, dijo, sab\u00edamos que las empresas generadoras de empleos necesitar\u00edan nuestro apoyo para hacer frente a esos tiempos dif\u00edciles.<\/p>\n\n\n\n<p>\u201cLo que hicimos es que fuimos a la Ciudad de M\u00e9xico y conseguimos una l\u00ednea de cr\u00e9dito de Nafin, de 2,000 millones de pesos, en el que el Gobierno del Estado puso 120 millones de pesos y, de ah\u00ed, nace el programa Impulsa Yucat\u00e1n; gracias a eso, pudieron llevar la pandemia empresas como WHM y, hoy, est\u00e1n creciendo y generando m\u00e1s trabajos\u201d, explic\u00f3 Vila Dosal.<\/p>\n\n\n\n<p>En ese sentido, indic\u00f3 que este esquema contin\u00faa con fondos disponibles, por lo que, si alguna firma tiene inter\u00e9s en acceder a este apoyo, puede acercarse a la Sefoet, pues el Gobierno del Estado est\u00e1 en la mejor disposici\u00f3n para respaldar a m\u00e1s proyectos.<\/p>\n\n\n\n<p>\u201cVamos a hacer todo lo posible, que est\u00e9 en nuestras manos, para poder sacar adelante a los m\u00e1s desfavorecidos, y lo primero que se necesita son empleos bien pagados y con seguridad, por lo que estaremos trabajando fuertemente para apoyar a las empresas yucatecas, que son las que generan los empleos, as\u00ed que sigamos trabajando juntos, de la mano, con gran orgullo de vivir en nuestra tierra, las ganas de salir adelante y seguir haciendo de Yucat\u00e1n el mejor lugar para vivir de todo M\u00e9xico\u201d, concluy\u00f3.<\/p>\n\n\n\n<p>WHM es una marca yucateca, proveedora de servicios log\u00edsticos y de almacenamiento profesionales, que atiende a empresas y particulares en todo M\u00e9xico, y se distingue por su ingenier\u00eda especializada. Cuenta con clientes a nivel internacional, como Huawei, y cuenta con las divisiones Freight y Supply, para no s\u00f3lo atender necesidades de transporte, sino tambi\u00e9n relacionadas con cadenas de suministro.<\/p>\n\n\n\n<p>Con este nuevo Centro, adem\u00e1s de los servicios ya referidos, brindar\u00e1 traslado a p\u00fablico en general, paqueter\u00eda, maquila ligera, armado de pedidos y creaci\u00f3n de su propio software, con el que innovar\u00e1 en sus operaciones de log\u00edstica interna, con la intenci\u00f3n de comercializar dichos sistemas.<\/p>\n","protected":false},"excerpt":{"rendered":"<p>M\u00e9rida, Yucat\u00e1n, 28 de marzo de 2022.- Las inversiones y la generaci\u00f3n de empleos en Yucat\u00e1n no se detienen, pues resultado del trabajo en equipo entre Gobierno del Estado e<\/p>\n","protected":false},"author":1,"featured_media":98065,"comment_status":"open","ping_status":"open","sticky":false,"template":"","format":"standard","meta":{"jetpack_post_was_ever_published":false,"_jetpack_newsletter_access":"","_jetpack_dont_email_post_to_subs":false,"_jetpack_newsletter_tier_id":0,"_jetpack_memberships_contains_paywalled_content":false,"_jetpack_memberships_contains_paid_content":false,"footnotes":"","jetpack_publicize_message":"Trabajando juntos los yucatecos, la econom\u00eda del estado se est\u00e1 recuperando con m\u00e1s inversiones y empleos","jetpack_publicize_feature_enabled":true,"jetpack_social_post_already_shared":true,"jetpack_social_options":{"image_generator_settings":{"template":"highway","default_image_id":0,"font":"","enabled":false},"version":2}},"categories":[17],"tags":[],"class_list":["post-98064","post","type-post","status-publish","format-standard","has-post-thumbnail","hentry","category-politica-y-gobierno"],"jetpack_publicize_connections":[],"jetpack_featured_media_url":"https:\/\/formalprision.com\/wp-content\/uploads\/2022\/03\/IMG-20220328-WA0063.jpg","jetpack_sharing_enabled":true,"jetpack_shortlink":"https:\/\/wp.me\/p6id8p-pvG","_links":{"self":[{"href":"https:\/\/formalprision.com\/index.php?rest_route=\/wp\/v2\/posts\/98064","targetHints":{"allow":["GET"]}}],"collection":[{"href":"https:\/\/formalprision.com\/index.php?rest_route=\/wp\/v2\/posts"}],"about":[{"href":"https:\/\/formalprision.com\/index.php?rest_route=\/wp\/v2\/types\/post"}],"author":[{"embeddable":true,"href":"https:\/\/formalprision.com\/index.php?rest_route=\/wp\/v2\/users\/1"}],"replies":[{"embeddable":true,"href":"https:\/\/formalprision.com\/index.php?rest_route=%2Fwp%2Fv2%2Fcomments&post=98064"}],"version-history":[{"count":0,"href":"https:\/\/formalprision.com\/index.php?rest_route=\/wp\/v2\/posts\/98064\/revisions"}],"wp:featuredmedia":[{"embeddable":true,"href":"https:\/\/formalprision.com\/index.php?rest_route=\/wp\/v2\/media\/98065"}],"wp:attachment":[{"href":"https:\/\/formalprision.com\/index.php?rest_route=%2Fwp%2Fv2%2Fmedia&parent=98064"}],"wp:term":[{"taxonomy":"category","embeddable":true,"href":"https:\/\/formalprision.com\/index.php?rest_route=%2Fwp%2Fv2%2Fcategories&post=98064"},{"taxonomy":"post_tag","embeddable":true,"href":"https:\/\/formalprision.com\/index.php?rest_route=%2Fwp%2Fv2%2Ftags&post=98064"}],"curies":[{"name":"wp","href":"https:\/\/api.w.org\/{rel}","templated":true}]}}