{"id":98070,"date":"2022-03-28T19:37:02","date_gmt":"2022-03-29T00:37:02","guid":{"rendered":"http:\/\/formalprision.com\/?p=98070"},"modified":"2022-03-29T12:25:27","modified_gmt":"2022-03-29T17:25:27","slug":"con-apoyo-del-gobierno-del-estado-operaran-de-cataratas-a-personas-de-escasos-recursos","status":"publish","type":"post","link":"https:\/\/formalprision.com\/?p=98070","title":{"rendered":"Con apoyo del Gobierno del Estado, operar\u00e1n de cataratas a personas de escasos recursos"},"content":{"rendered":"\n<p>M\u00e9rida, Yucat\u00e1n, 28 de marzo de 2022.- Un total de 259 personas de escasos recursos podr\u00e1n mejorar su visi\u00f3n, funcionalidad e independencia, y as\u00ed, tener a una mejor calidad de vida, a trav\u00e9s de la Jornada de Cirug\u00edas de Cataratas \u201cRecuperando miradas\u201d 2022, que impulsa el Gobierno del Estado y qu este d\u00eda inici\u00f3 en M\u00e9rida y 26 municipios de la entidad.<\/p>\n\n\n\n<p>Dichas acciones, que realizan en conjunto el Sistema para el Desarrollo Integral de la Familia (DIF) Yucat\u00e1n, Swiss Foundation Against Blindness in M\u00e9xico y la Secretar\u00eda de Salud (SSY), refuerzan el compromiso del gobernador Mauricio Vila Dosal, de acercar servicios m\u00e9dicos a los lugares m\u00e1s alejados de Yucat\u00e1n, en beneficio de la poblaci\u00f3n vulnerable.<\/p>\n\n\n\n<p>En ese sentido, Ignacia Castillo Sol\u00eds, de Celest\u00fan, a sus 72 a\u00f1os, reconoci\u00f3 que gracias a esta intervenci\u00f3n, podr\u00e1 tener mayor independencia al momento de realizar sus actividades diarias y retomar otras, como la costura y la lectura, que tanto disfruta.<\/p>\n\n\n\n<p>\u201cPara m\u00ed, esto es una gran ayuda; poco a poco, he ido perdiendo la vista y ya no estoy tan activa como antes. No me gusta ser una carga para mis hijos y nietos; ya voy a poder empezar otra vez con mis costuras, que es lo que me entretiene y me ayuda econ\u00f3micamente\u201d, destac\u00f3.<\/p>\n\n\n\n<p>Al poner en marcha la jornada, la directora General del DIF Yucat\u00e1n, Mar\u00eda Teresa Boehm Calero, explic\u00f3 que, del 28 al 31 de marzo, se atender\u00e1 a personas de M\u00e9rida, Baca, Cacalch\u00e9n, Cansahcab, Celest\u00fan, Chochol\u00e1, Dzemul, Dzidzant\u00fan, Hocab\u00e1, Hoct\u00fan, Kantunil, Kinchil, Kopom\u00e1, Mococh\u00e1, Muxupip, Tahmek, Telchac Pueblo, Temax, Timucuy, Tixkokob, Tizim\u00edn, Tunk\u00e1s, Um\u00e1n, Xocchel, Yaxcab\u00e1, Yaxkukul y Yoba\u00edn, en la cl\u00ednica Oftalmos.<\/p>\n\n\n\n<p>Posteriormente, agreg\u00f3, del 4 al 8 de abril, se llevar\u00e1n a cabo las operaciones en Akil, Dz\u00e1n, Dzit\u00e1s, Muna, Opich\u00e9n, Oxkutzcab, Peto, Sacalum, Teabo, Tekax, Ticul, Tinum y Tzucacab.<\/p>\n\n\n\n<p>La funcionaria reconoci\u00f3 el apoyo y el compromiso con la causa, de Swiss Foundation Against Blindness in M\u00e9xico, que trabaja de la mano con estados como Guerrero, Chiapas y Oaxaca, siendo esta la primera edici\u00f3n en Yucat\u00e1n.Previo a este proceso, se valor\u00f3 a 364 pacientes del interior del estado, con diagn\u00f3stico de probables cataratas, con sedes en la Cl\u00ednica Oftalmos y el Hospital General de Tekax; de ah\u00ed, se seleccion\u00f3 a 130 y 129 candidatos, respectivamente, para las cirug\u00edas, que ser\u00e1n del 28 al 31 del presente, en M\u00e9rida.<\/p>\n\n\n\n<p>En su turno, Abraham Barrera Ek, originario de Dzemul, a sus 66 a\u00f1os, comparti\u00f3 que por el problema de su vista, dej\u00f3 de trabajar como ayudante de alba\u00f1il; ahora podr\u00e1 dedicarse a la siembra de lim\u00f3n, en un terrenito que comparte con sus 3 hijas, y 6 nietas y nietos.<\/p>\n\n\n\n<p>Cabe mencionar que las cataratas se caracterizan por la opacidad del cristalino, obstruyendo el paso de la luz; pueden ser cong\u00e9nitas o adquiridas y son la principal causa de ceguera en el mundo.<\/p>\n\n\n\n<p>Las t\u00e9cnicas quir\u00fargicas que se utilizar\u00e1 son la facoemulsificaci\u00f3n, que consiste en una incisi\u00f3n menor de 3 mil\u00edmetros para fragmentar y extraer la catarata por medio de energ\u00eda ultras\u00f3nica, y la extracapsular, que se utiliza cuando aquella es muy dura.<\/p>\n\n\n\n<p>Durante la Jornada, se proporcionar\u00e1 equipo m\u00e9dico, personal, insumos y la donaci\u00f3n de lentes intraoculares, de acuerdo con la graduaci\u00f3n de cada persona.<\/p>\n\n\n\n<p>Para m\u00e1s informaci\u00f3n del programa, est\u00e1 disponible el tel\u00e9fono (999) 942 20 30, extensi\u00f3n 14337, con atenci\u00f3n de lunes a viernes, entre las 8:00 y 15:00 horas.<\/p>\n","protected":false},"excerpt":{"rendered":"<p>M\u00e9rida, Yucat\u00e1n, 28 de marzo de 2022.- Un total de 259 personas de escasos recursos podr\u00e1n mejorar su visi\u00f3n, funcionalidad e independencia, y as\u00ed, tener a una mejor calidad de<\/p>\n","protected":false},"author":1,"featured_media":98071,"comment_status":"open","ping_status":"open","sticky":false,"template":"","format":"standard","meta":{"jetpack_post_was_ever_published":false,"_jetpack_newsletter_access":"","_jetpack_dont_email_post_to_subs":false,"_jetpack_newsletter_tier_id":0,"_jetpack_memberships_contains_paywalled_content":false,"_jetpack_memberships_contains_paid_content":false,"footnotes":"","jetpack_publicize_message":"Se puso  en marcha Jornada de Cirug\u00edas de Cataratas \u201cRecuperando miradas\u201d 2022  se operar\u00e1 a 259 personas de 40 municipios.\n","jetpack_publicize_feature_enabled":true,"jetpack_social_post_already_shared":true,"jetpack_social_options":{"image_generator_settings":{"template":"highway","default_image_id":0,"font":"","enabled":false},"version":2}},"categories":[54],"tags":[],"class_list":["post-98070","post","type-post","status-publish","format-standard","has-post-thumbnail","hentry","category-yucatan"],"jetpack_publicize_connections":[],"jetpack_featured_media_url":"https:\/\/formalprision.com\/wp-content\/uploads\/2022\/03\/IMG-20220328-WA0081.jpg","jetpack_sharing_enabled":true,"jetpack_shortlink":"https:\/\/wp.me\/p6id8p-pvM","_links":{"self":[{"href":"https:\/\/formalprision.com\/index.php?rest_route=\/wp\/v2\/posts\/98070","targetHints":{"allow":["GET"]}}],"collection":[{"href":"https:\/\/formalprision.com\/index.php?rest_route=\/wp\/v2\/posts"}],"about":[{"href":"https:\/\/formalprision.com\/index.php?rest_route=\/wp\/v2\/types\/post"}],"author":[{"embeddable":true,"href":"https:\/\/formalprision.com\/index.php?rest_route=\/wp\/v2\/users\/1"}],"replies":[{"embeddable":true,"href":"https:\/\/formalprision.com\/index.php?rest_route=%2Fwp%2Fv2%2Fcomments&post=98070"}],"version-history":[{"count":0,"href":"https:\/\/formalprision.com\/index.php?rest_route=\/wp\/v2\/posts\/98070\/revisions"}],"wp:featuredmedia":[{"embeddable":true,"href":"https:\/\/formalprision.com\/index.php?rest_route=\/wp\/v2\/media\/98071"}],"wp:attachment":[{"href":"https:\/\/formalprision.com\/index.php?rest_route=%2Fwp%2Fv2%2Fmedia&parent=98070"}],"wp:term":[{"taxonomy":"category","embeddable":true,"href":"https:\/\/formalprision.com\/index.php?rest_route=%2Fwp%2Fv2%2Fcategories&post=98070"},{"taxonomy":"post_tag","embeddable":true,"href":"https:\/\/formalprision.com\/index.php?rest_route=%2Fwp%2Fv2%2Ftags&post=98070"}],"curies":[{"name":"wp","href":"https:\/\/api.w.org\/{rel}","templated":true}]}}