{"id":98088,"date":"2022-03-29T09:33:28","date_gmt":"2022-03-29T14:33:28","guid":{"rendered":"http:\/\/formalprision.com\/?p=98088"},"modified":"2022-03-30T13:40:20","modified_gmt":"2022-03-30T18:40:20","slug":"ingresa-a-su-madre-en-el-hospital-juarez-del-imss-y-se-la-entregan-golpeada","status":"publish","type":"post","link":"https:\/\/formalprision.com\/?p=98088","title":{"rendered":"Ingresa a su madre en el Hospital Ju\u00e1rez del IMSS y se la entregan golpeada"},"content":{"rendered":"\n<p>Familiares de una abuelita denunciaron una grave acusaci\u00f3n contra el Hospital Ju\u00e1rez del IMSS, donde ingresaron a su madre y se las entregaron con lesiones en la cara.<\/p>\n\n\n\n<p>AQU\u00cd LA DENUNCIA<\/p>\n\n\n\n<p>\u00abEl viernes 25 mi mam\u00e1 ingres\u00f3 al Hospital Ju\u00e1rez debido a una crisis de hipertensi\u00f3n, yo honestamente no quer\u00eda que se quedara porque cuando pas\u00e9 al \u00e1rea de hospitalizaci\u00f3n vi que a los que estaban internados los dejan en una silla y algunos en el suelo, porque NO hay camas. El doctor le dijo que lo m\u00e1s probable es que se la pasar\u00eda unos d\u00edas sentada en una silla a lo cual tuvimos que acceder.<\/p>\n\n\n\n<p>El s\u00e1bado en la ma\u00f1ana (9:30 a.m) recibo una llamada diciendo que durante la noche mi mam\u00e1 tuvo un accidente llamado \u00abevento centinela\u00bb ya que le dieron Clonazepam porque no pod\u00eda dormir y cuando se qued\u00f3 dormida se resbal\u00f3 de la silla y tuvo una contusi\u00f3n y hematomas (ver foto) y que me llamaban en el cambio de turno porque fueron incapaces de llamarme cuando reci\u00e9n sucedi\u00f3.<\/p>\n\n\n\n<p>Enseguida fui a ver qu\u00e9 pasaba y encontr\u00e9 a mi mam\u00e1 en el suelo en una colchoneta tirada con mucho dolor y la cara desfigurada y dici\u00e9ndome que por favor ya quer\u00eda irse, nadie fue capaz de hacerse responsable ya que todos se lavaron las manos diciendo que no hab\u00eda ocurrido en su turno y que si quer\u00eda llev\u00e1rmela era bajo mi responsabilidad; cabe se\u00f1alar que por lo que entr\u00f3 ya estaba controlada, nos hicieron esperar mil horas sin que al menos le dieran agua o alimento ya que eso lo deb\u00eda llevar yo, pero es lo de menos sino el hecho de que por la negligencia m\u00e9dica y, OJO no culpo a todo el personal m\u00e9dico sino a que el IMSS no brinde las herramientas necesarias para una m\u00ednima atenci\u00f3n humanitaria (hablo de que NO hay camas para los pacientes).<\/p>\n\n\n\n<p>El golpe que se llev\u00f3 mi mam\u00e1 fue bastante fuerte que tuvo heridas internas y el ojo lleno de sangre en v\u00edsperas de que le har\u00edan una cirug\u00eda ocular la siguiente semana, la cual evidentemente dudo que le hagan. Por suerte no tuvo un da\u00f1o neurol\u00f3gico y me la pude llevar aunque en ese momento me hicieron firmar el alta voluntaria deslind\u00e1ndose de responsabilidades no me quedo otra opci\u00f3n ya que no la iba a dejar m\u00e1s d\u00edas tirada en el suelo sufriendo peor que un animal ya que ni si quiera nos dieron medicamentos para tratarla en casa para el dolor porque ya no ten\u00edan suministro de naproxeno.<\/p>\n\n\n\n<p>La verdad me sorprendi\u00f3 ver todo lo que v\u00ed y pensar que estamos en la escala m\u00e1s baja de la salud p\u00fablica (anexo fotos) tome un v\u00eddeo el cual no se si subir por la privacidad de las personas que salen en el.<\/p>\n","protected":false},"excerpt":{"rendered":"<p>Familiares de una abuelita denunciaron una grave acusaci\u00f3n contra el Hospital Ju\u00e1rez del IMSS, donde ingresaron a su madre y se las entregaron con lesiones en la cara. AQU\u00cd LA<\/p>\n","protected":false},"author":2,"featured_media":98090,"comment_status":"open","ping_status":"open","sticky":false,"template":"","format":"standard","meta":{"jetpack_post_was_ever_published":false,"_jetpack_newsletter_access":"","_jetpack_dont_email_post_to_subs":false,"_jetpack_newsletter_tier_id":0,"_jetpack_memberships_contains_paywalled_content":false,"_jetpack_memberships_contains_paid_content":false,"footnotes":"","jetpack_publicize_message":"Grave denuncia contra el hospital Ju\u00e1rez del IMSS en M\u00e9rida.","jetpack_publicize_feature_enabled":true,"jetpack_social_post_already_shared":true,"jetpack_social_options":{"image_generator_settings":{"template":"highway","default_image_id":0,"font":"","enabled":false},"version":2}},"categories":[14],"tags":[],"class_list":["post-98088","post","type-post","status-publish","format-standard","has-post-thumbnail","hentry","category-merida"],"jetpack_publicize_connections":[],"jetpack_featured_media_url":"https:\/\/formalprision.com\/wp-content\/uploads\/2022\/03\/jua3.jpg","jetpack_sharing_enabled":true,"jetpack_shortlink":"https:\/\/wp.me\/p6id8p-pw4","_links":{"self":[{"href":"https:\/\/formalprision.com\/index.php?rest_route=\/wp\/v2\/posts\/98088","targetHints":{"allow":["GET"]}}],"collection":[{"href":"https:\/\/formalprision.com\/index.php?rest_route=\/wp\/v2\/posts"}],"about":[{"href":"https:\/\/formalprision.com\/index.php?rest_route=\/wp\/v2\/types\/post"}],"author":[{"embeddable":true,"href":"https:\/\/formalprision.com\/index.php?rest_route=\/wp\/v2\/users\/2"}],"replies":[{"embeddable":true,"href":"https:\/\/formalprision.com\/index.php?rest_route=%2Fwp%2Fv2%2Fcomments&post=98088"}],"version-history":[{"count":0,"href":"https:\/\/formalprision.com\/index.php?rest_route=\/wp\/v2\/posts\/98088\/revisions"}],"wp:featuredmedia":[{"embeddable":true,"href":"https:\/\/formalprision.com\/index.php?rest_route=\/wp\/v2\/media\/98090"}],"wp:attachment":[{"href":"https:\/\/formalprision.com\/index.php?rest_route=%2Fwp%2Fv2%2Fmedia&parent=98088"}],"wp:term":[{"taxonomy":"category","embeddable":true,"href":"https:\/\/formalprision.com\/index.php?rest_route=%2Fwp%2Fv2%2Fcategories&post=98088"},{"taxonomy":"post_tag","embeddable":true,"href":"https:\/\/formalprision.com\/index.php?rest_route=%2Fwp%2Fv2%2Ftags&post=98088"}],"curies":[{"name":"wp","href":"https:\/\/api.w.org\/{rel}","templated":true}]}}