{"id":98105,"date":"2022-03-29T21:48:21","date_gmt":"2022-03-30T02:48:21","guid":{"rendered":"http:\/\/formalprision.com\/?p=98105"},"modified":"2022-03-30T13:38:53","modified_gmt":"2022-03-30T18:38:53","slug":"amazon-ofrece-400-puestos-virtuales-para-los-yucatecos","status":"publish","type":"post","link":"https:\/\/formalprision.com\/?p=98105","title":{"rendered":"Amazon ofrece 400 puestos virtuales para los yucatecos"},"content":{"rendered":"\n<p>La jornada de reclutamiento de la empresa Amazon en Yucat\u00e1n se efectu\u00f3 de manera exitosa, con el registro de cinco mil personas interesadas en participar y una oferta de 400 vacantes, durante el primer semestre del a\u00f1o, para asociados de servicio al cliente en modalidad a distancia, que representan una nueva oportunidad de empleo formal para la poblaci\u00f3n.<\/p>\n\n\n\n<p>Acompa\u00f1ado por directivos de la firma, el titular de la Secretar\u00eda de Fomento Econ\u00f3mico y Trabajo (Sefoet), Ernesto Herrera Novelo, visit\u00f3 las instalaciones del Centro de Convenciones y Exposiciones \u201cSiglo XXI\u201d, donde se realiz\u00f3 la actividad, y declar\u00f3 que \u201cAmazon considera que el talento humano de nuestro estado es de suma importancia para el desarrollo de sus operaciones, por lo que tiene el firme inter\u00e9s de llevar a cabo actividades de reclutamiento en Yucat\u00e1n y seguir creciendo su fuerza laboral\u201d.<\/p>\n\n\n\n<p>El Gobierno del Estado, por conducto de esa dependencia, ejecuta una labor constante de atracci\u00f3n de inversiones y generaci\u00f3n de mejores empleos en el territorio, lo cual ha permitido la llegada de firmas importantes, como esta, que ha instalado su Centro Log\u00edstico y de Distribuci\u00f3n en el municipio de Um\u00e1n, mismo que visit\u00f3 el Gobernador Mauricio Vila Dosal, en marzo del a\u00f1o pasado.<\/p>\n\n\n\n<p>Por su parte, el director de Servicio al Cliente para Am\u00e9rica Latina, Alejandro Filloy, explic\u00f3 que las operaciones de este tipo, en M\u00e9xico, comenzaron en 2020, con 60 miembros, pero \u201choy, tenemos m\u00e1s de 300 empleados, especializados en el servicio de clase mundial que caracteriza a Amazon. Estamos orgullosos de generar m\u00e1s oportunidades laborales, que beneficiar\u00e1n a la regi\u00f3n sureste del pa\u00eds\u201d.<\/p>\n\n\n\n<p>Quienes resulten seleccionados apoyar\u00e1n los procesos de excelencia que la marca estadounidense brinda en todo el mundo, en ingl\u00e9s y espa\u00f1ol, as\u00ed como atenci\u00f3n 24\/7 para ambas naciones. Una de las personas interesadas, Cinthia Paniagua, vio en este proceso la oportunidad de mejorar su situaci\u00f3n econ\u00f3mica, despu\u00e9s de que perdi\u00f3 su trabajo, consecuencia de la pandemia de Covid-19.<\/p>\n\n\n\n<p>\u201cMe llam\u00f3 mucho la atenci\u00f3n que fuera tan accesible, tan inclusivo y que no te exijan cierta edad; que permitan que nuestra experiencia tambi\u00e9n nos ayude a seguir compitiendo, para m\u00ed, es muy grato. El hecho de que haya una derrama econ\u00f3mica en Yucat\u00e1n es fabuloso, as\u00ed que ellos ayudan, nosotros ayudamos y, al final de cuentas, todos ganamos\u201d, comparti\u00f3.<\/p>\n\n\n\n<p>De igual forma, Eduardo Espitia Vel\u00e1zquez, estudiante del \u00faltimo semestre de preparatoria, manifest\u00f3 sentirse listo para este tipo de puesto y demostrar sus habilidades como biling\u00fce. \u201cS\u00e9 que puedo salir adelante en la universidad y el trabajo al mismo tiempo, y apoyar a mis pap\u00e1s como ellos me han apoyado, eso es lo que me da fuerzas\u201d, apunt\u00f3.<\/p>\n\n\n\n<p>Luego de esta jornada de reclutamiento, la primera que realiza esta firma en el pa\u00eds y Latinoam\u00e9rica tras la pandemia, Amazon tiene el inter\u00e9s en generar estrategias puntuales para sumar grupos vulnerables y comunidades locales a su fuerza laboral.<\/p>\n","protected":false},"excerpt":{"rendered":"<p>La jornada de reclutamiento de la empresa Amazon en Yucat\u00e1n se efectu\u00f3 de manera exitosa, con el registro de cinco mil personas interesadas en participar y una oferta de 400<\/p>\n","protected":false},"author":2,"featured_media":98107,"comment_status":"open","ping_status":"open","sticky":false,"template":"","format":"standard","meta":{"jetpack_post_was_ever_published":false,"_jetpack_newsletter_access":"","_jetpack_dont_email_post_to_subs":false,"_jetpack_newsletter_tier_id":0,"_jetpack_memberships_contains_paywalled_content":false,"_jetpack_memberships_contains_paid_content":false,"footnotes":"","jetpack_publicize_message":"Amazon realiza su primera jornada de reclutamiento en M\u00e9xico y Am\u00e9rica Latina, tras la pandemia.","jetpack_publicize_feature_enabled":true,"jetpack_social_post_already_shared":true,"jetpack_social_options":{"image_generator_settings":{"template":"highway","default_image_id":0,"font":"","enabled":false},"version":2}},"categories":[1589],"tags":[],"class_list":["post-98105","post","type-post","status-publish","format-standard","has-post-thumbnail","hentry","category-rotador-inferior"],"jetpack_publicize_connections":[],"jetpack_featured_media_url":"https:\/\/formalprision.com\/wp-content\/uploads\/2022\/03\/WhatsApp-Image-2022-03-29-at-5.14.06-PM.jpeg","jetpack_sharing_enabled":true,"jetpack_shortlink":"https:\/\/wp.me\/p6id8p-pwl","_links":{"self":[{"href":"https:\/\/formalprision.com\/index.php?rest_route=\/wp\/v2\/posts\/98105","targetHints":{"allow":["GET"]}}],"collection":[{"href":"https:\/\/formalprision.com\/index.php?rest_route=\/wp\/v2\/posts"}],"about":[{"href":"https:\/\/formalprision.com\/index.php?rest_route=\/wp\/v2\/types\/post"}],"author":[{"embeddable":true,"href":"https:\/\/formalprision.com\/index.php?rest_route=\/wp\/v2\/users\/2"}],"replies":[{"embeddable":true,"href":"https:\/\/formalprision.com\/index.php?rest_route=%2Fwp%2Fv2%2Fcomments&post=98105"}],"version-history":[{"count":0,"href":"https:\/\/formalprision.com\/index.php?rest_route=\/wp\/v2\/posts\/98105\/revisions"}],"wp:featuredmedia":[{"embeddable":true,"href":"https:\/\/formalprision.com\/index.php?rest_route=\/wp\/v2\/media\/98107"}],"wp:attachment":[{"href":"https:\/\/formalprision.com\/index.php?rest_route=%2Fwp%2Fv2%2Fmedia&parent=98105"}],"wp:term":[{"taxonomy":"category","embeddable":true,"href":"https:\/\/formalprision.com\/index.php?rest_route=%2Fwp%2Fv2%2Fcategories&post=98105"},{"taxonomy":"post_tag","embeddable":true,"href":"https:\/\/formalprision.com\/index.php?rest_route=%2Fwp%2Fv2%2Ftags&post=98105"}],"curies":[{"name":"wp","href":"https:\/\/api.w.org\/{rel}","templated":true}]}}