{"id":98126,"date":"2022-03-30T16:31:30","date_gmt":"2022-03-30T21:31:30","guid":{"rendered":"http:\/\/formalprision.com\/?p=98126"},"modified":"2022-03-31T12:33:12","modified_gmt":"2022-03-31T17:33:12","slug":"se-retira-de-la-actuacion-bruce-willis-tras-ser-diagnosticado-con-afasia","status":"publish","type":"post","link":"https:\/\/formalprision.com\/?p=98126","title":{"rendered":"Se retira de la actuaci\u00f3n Bruce Willis, tras ser diagnosticado con afasia"},"content":{"rendered":"\n<p>El actor estadounidense Bruce Willis se retirar\u00e1 de la actuaci\u00f3n debido a que recientemente fue diagnosticado con afasia, un trastorno del lenguaje que afecta la capacidad de comunicaci\u00f3n. La familia del actor de Duro de Matar, con m\u00e1s de cuatro d\u00e9cadas de trayectoria, anunci\u00f3 el diagn\u00f3stico a trav\u00e9s de sus redes sociales.<\/p>\n\n\n\n<p>\u201cA los incre\u00edbles seguidores de Bruce, como familia, quer\u00edamos compartir que nuestro amado Bruce ha estado experimentando algunos problemas de salud y recientemente se le diagnostic\u00f3 afasia, que est\u00e1 afectando sus habilidades cognitivas\u201d, explicaron en la publicaci\u00f3n.<\/p>\n\n\n\n<p>Willis, de 67 a\u00f1os, ha sido uno de los actores m\u00e1s famosos en la industria del cine en Hollywood. \u201cComo resultado de esto y con mucha consideraci\u00f3n, Bruce se est\u00e1 alejando de la carrera que ha significado tanto para \u00e9l. Este es un momento realmente desafiante para nuestra familia y estamos muy agradecidos por su continuo amor, compasi\u00f3n y apoyo\u201d, se agreg\u00f3.<\/p>\n","protected":false},"excerpt":{"rendered":"<p>El actor estadounidense Bruce Willis se retirar\u00e1 de la actuaci\u00f3n debido a que recientemente fue diagnosticado con afasia, un trastorno del lenguaje que afecta la capacidad de comunicaci\u00f3n. La familia<\/p>\n","protected":false},"author":2,"featured_media":98129,"comment_status":"open","ping_status":"open","sticky":false,"template":"","format":"standard","meta":{"jetpack_post_was_ever_published":false,"_jetpack_newsletter_access":"","_jetpack_dont_email_post_to_subs":false,"_jetpack_newsletter_tier_id":0,"_jetpack_memberships_contains_paywalled_content":false,"_jetpack_memberships_contains_paid_content":false,"footnotes":"","jetpack_publicize_message":"La afasia es un trastorno del lenguaje que afecta la capacidad de comunicaci\u00f3n.","jetpack_publicize_feature_enabled":true,"jetpack_social_post_already_shared":true,"jetpack_social_options":{"image_generator_settings":{"template":"highway","default_image_id":0,"font":"","enabled":false},"version":2}},"categories":[23,32],"tags":[],"class_list":["post-98126","post","type-post","status-publish","format-standard","has-post-thumbnail","hentry","category-del-mundo","category-espectaculos"],"jetpack_publicize_connections":[],"jetpack_featured_media_url":"https:\/\/formalprision.com\/wp-content\/uploads\/2022\/03\/bruce.jpg","jetpack_sharing_enabled":true,"jetpack_shortlink":"https:\/\/wp.me\/p6id8p-pwG","_links":{"self":[{"href":"https:\/\/formalprision.com\/index.php?rest_route=\/wp\/v2\/posts\/98126","targetHints":{"allow":["GET"]}}],"collection":[{"href":"https:\/\/formalprision.com\/index.php?rest_route=\/wp\/v2\/posts"}],"about":[{"href":"https:\/\/formalprision.com\/index.php?rest_route=\/wp\/v2\/types\/post"}],"author":[{"embeddable":true,"href":"https:\/\/formalprision.com\/index.php?rest_route=\/wp\/v2\/users\/2"}],"replies":[{"embeddable":true,"href":"https:\/\/formalprision.com\/index.php?rest_route=%2Fwp%2Fv2%2Fcomments&post=98126"}],"version-history":[{"count":0,"href":"https:\/\/formalprision.com\/index.php?rest_route=\/wp\/v2\/posts\/98126\/revisions"}],"wp:featuredmedia":[{"embeddable":true,"href":"https:\/\/formalprision.com\/index.php?rest_route=\/wp\/v2\/media\/98129"}],"wp:attachment":[{"href":"https:\/\/formalprision.com\/index.php?rest_route=%2Fwp%2Fv2%2Fmedia&parent=98126"}],"wp:term":[{"taxonomy":"category","embeddable":true,"href":"https:\/\/formalprision.com\/index.php?rest_route=%2Fwp%2Fv2%2Fcategories&post=98126"},{"taxonomy":"post_tag","embeddable":true,"href":"https:\/\/formalprision.com\/index.php?rest_route=%2Fwp%2Fv2%2Ftags&post=98126"}],"curies":[{"name":"wp","href":"https:\/\/api.w.org\/{rel}","templated":true}]}}