{"id":9813,"date":"2010-05-15T15:43:00","date_gmt":"2010-05-15T15:43:00","guid":{"rendered":"http:\/\/formalprision.info\/2010\/05\/15\/la-pgje-niega-tortura-contra-panistas\/"},"modified":"2015-06-03T09:02:29","modified_gmt":"2015-06-03T09:02:29","slug":"la-pgje-niega-tortura-contra-panistas","status":"publish","type":"post","link":"https:\/\/formalprision.com\/?p=9813","title":{"rendered":"La PGJE niega tortura contra panistas"},"content":{"rendered":"<p>La Procuradur\u00eda General de Justicia de Yucat\u00e1n asegura que no ha torturado a los panistas desestabilizadores detenidos en d\u00edas pasados.<br \/>La dependencia emiti\u00f3 un comunicado sobre el caso que dice lo siguiente.<br \/>En visita efectuada hoy por la tarde al edificio de la Procuradur\u00eda General de Justicia del Estado, el Visitador de la Comisi\u00f3n Nacional de Derechos Humanos, Antonio V\u00e1zquez Casta\u00f1\u00f3n, corrobor\u00f3 que los siete arraigados por presuntos hechos delictivos de \u00edndole electoral del pasado fin de semana, se encuentran en perfectas condiciones de salud y no han sufrido agresi\u00f3n alguna, lo que contrasta con lo que han venido declarando a los medios de comunicaci\u00f3n representantes del Partido Acci\u00f3n Nacional.<br \/>Al llegar el visitador de la CNDH al Centro Estatal de Arraigos, un grupo de aproximadamente 10 personas encabezadas por el Senador Hugo Laviada Molina, trat\u00f3 de ingresar al interior de esta \u00e1rea, pero se les explic\u00f3 que por tratarse de un \u00e1rea de seguridad extrema, se permitir\u00eda estrictamente el acceso al visitador y su auxiliar.<br \/>El visitador cuestion\u00f3 a los siete arraigados sobre si alguna autoridad los hab\u00eda maltratado y que si hab\u00eda alguna queja generada durante su estancia, a lo que respondieron que no, que se les estaba atendiendo bien y que les proporcionaban sus tres comidas a sus horas y no ten\u00edan queja alguna, ya que los estaban tratando bien. Asimismo se\u00f1alaron que no interpondr\u00edan denuncia alguna contra las autoridades, ya que no hab\u00eda motivos, pues los han tratado bien y con pleno respeto a sus derechos humanos.<br \/>\u00danicamente solicitaron unos cepillos de dientes y se les respondi\u00f3 que se les proporcionar\u00eda.<br \/>Si bien con motivo del proceso electoral se dan los apasionamientos pol\u00edticos, no se puede dejar libre el camino para difamar, calumniar y pretender poner en entredicho la labor de procuraci\u00f3n de justicia en Yucat\u00e1n con fines netamente electoreros.<br \/>La Procuradur\u00eda General de Justicia del Estado reitera su apego a la ley y su pleno respeto a los derechos humanos y llegar\u00e1 a la verdad del caso sin reparar en cuestiones ajenas al proceso ministerial.<\/p>\n","protected":false},"excerpt":{"rendered":"<p>La Procuradur\u00eda General de Justicia de Yucat\u00e1n asegura que no ha torturado a los panistas desestabilizadores detenidos en d\u00edas pasados.La dependencia emiti\u00f3 un comunicado sobre el caso que dice lo<\/p>\n","protected":false},"author":1,"featured_media":0,"comment_status":"open","ping_status":"open","sticky":false,"template":"","format":"standard","meta":{"jetpack_post_was_ever_published":false,"_jetpack_newsletter_access":"","_jetpack_dont_email_post_to_subs":false,"_jetpack_newsletter_tier_id":0,"_jetpack_memberships_contains_paywalled_content":false,"_jetpack_memberships_contains_paid_content":false,"footnotes":"","jetpack_publicize_message":"","jetpack_publicize_feature_enabled":true,"jetpack_social_post_already_shared":false,"jetpack_social_options":{"image_generator_settings":{"template":"highway","default_image_id":0,"font":"","enabled":false},"version":2}},"categories":[1,49],"tags":[],"class_list":["post-9813","post","type-post","status-publish","format-standard","hentry","category-sin-categoria","category-tocho-morocho"],"jetpack_publicize_connections":[],"jetpack_featured_media_url":"","jetpack_sharing_enabled":true,"jetpack_shortlink":"https:\/\/wp.me\/p6id8p-2yh","_links":{"self":[{"href":"https:\/\/formalprision.com\/index.php?rest_route=\/wp\/v2\/posts\/9813","targetHints":{"allow":["GET"]}}],"collection":[{"href":"https:\/\/formalprision.com\/index.php?rest_route=\/wp\/v2\/posts"}],"about":[{"href":"https:\/\/formalprision.com\/index.php?rest_route=\/wp\/v2\/types\/post"}],"author":[{"embeddable":true,"href":"https:\/\/formalprision.com\/index.php?rest_route=\/wp\/v2\/users\/1"}],"replies":[{"embeddable":true,"href":"https:\/\/formalprision.com\/index.php?rest_route=%2Fwp%2Fv2%2Fcomments&post=9813"}],"version-history":[{"count":0,"href":"https:\/\/formalprision.com\/index.php?rest_route=\/wp\/v2\/posts\/9813\/revisions"}],"wp:attachment":[{"href":"https:\/\/formalprision.com\/index.php?rest_route=%2Fwp%2Fv2%2Fmedia&parent=9813"}],"wp:term":[{"taxonomy":"category","embeddable":true,"href":"https:\/\/formalprision.com\/index.php?rest_route=%2Fwp%2Fv2%2Fcategories&post=9813"},{"taxonomy":"post_tag","embeddable":true,"href":"https:\/\/formalprision.com\/index.php?rest_route=%2Fwp%2Fv2%2Ftags&post=9813"}],"curies":[{"name":"wp","href":"https:\/\/api.w.org\/{rel}","templated":true}]}}