{"id":98130,"date":"2022-03-30T16:34:28","date_gmt":"2022-03-30T21:34:28","guid":{"rendered":"http:\/\/formalprision.com\/?p=98130"},"modified":"2022-03-30T16:34:28","modified_gmt":"2022-03-30T21:34:28","slug":"yucatan-atrae-el-interes-de-egipto-para-establecer-lazos-de-intercambio-y-cooperacion","status":"publish","type":"post","link":"https:\/\/formalprision.com\/?p=98130","title":{"rendered":"Yucat\u00e1n atrae el inter\u00e9s de Egipto para establecer lazos de intercambio y cooperaci\u00f3n"},"content":{"rendered":"\n<p>M\u00c9RIDA.- Yucat\u00e1n y Egipto establecen lazos para trabajar de manera conjunta en las \u00e1reas de cultura, ciencia, educaci\u00f3n, salud, turismo, deporte, medio ambiente y comercio, a trav\u00e9s del intercambio de experiencias, luego de que el Gobernador Mauricio Vila Dosal y el embajador de la Rep\u00fablica \u00c1rabe de Egipto en M\u00e9xico, Khaled Abdelrahman Shamaa, firmaran el Acuerdo de Cooperaci\u00f3n y Amistad con la Gubernatura de L\u00faxor, Egipto.<\/p>\n\n\n\n<p>Desde el Sal\u00f3n de los Retratos de Palacio de Gobierno, Vila Dosal y el diplom\u00e1tico egipcio signaron dicho documento, con el que establecen fomentar la participaci\u00f3n y la cooperaci\u00f3n entre ambos territorios, con el objetivo de atraer mayores beneficios para los yucatecos y los habitantes de aquella regi\u00f3n.<\/p>\n\n\n\n<p>Acompa\u00f1ado de los titulares de las Secretar\u00edas de Fomento Econ\u00f3mico y Trabajo (Sefoet), Ernesto Herrera Novelo, y de la Cultura y las Artes (Sedeculta), Loreto Villanueva Trujillo, Vila Dosal agradeci\u00f3 al embajador de Egipto su inter\u00e9s en cooperar, lo que, sin duda, se traducir\u00e1 en diversos beneficios, pues ambas regiones tienen mucho en com\u00fan, sobre todo la importancia de su cultura y sitios arqueol\u00f3gicos.<\/p>\n\n\n\n<p>En ese sentido, el diplom\u00e1tico egipcio se\u00f1al\u00f3 que estos lazos de cooperaci\u00f3n significan abrir una gran ventana para la llegada de m\u00e1s oportunidades a Yucat\u00e1n, pues existe un inter\u00e9s en las \u00e1reas de cultura, inversi\u00f3n y producci\u00f3n industrial, tomando en cuenta todo lo que se est\u00e1 haciendo en la entidad, para potenciar su econom\u00eda, desarrollo y bienestar.<\/p>\n\n\n\n<p>\u201cAqu\u00ed, en Yucat\u00e1n, veo que tenemos enormes oportunidades, a comparaci\u00f3n de otros estados; entonces, vamos a tomar los debidos pasos para fortalecer estos lazos y, sobre todo, el intercambio, pues vemos que, en el estado, se realizan importantes acciones como, por ejemplo, en el \u00e1mbito de la econom\u00eda, por lo que lo felicito Gobernador\u201d, indic\u00f3 el embajador, en presencia del director T\u00e9cnico de la Secretar\u00eda de Fomento Tur\u00edstico (Sefotur), Ra\u00fal Paz Noriega.<\/p>\n\n\n\n<p>Durante el encuentro, el representante de Egipto demostr\u00f3 un importante inter\u00e9s en la cultura maya, debido a la similitud en la importancia que se da al legado, tanto aqu\u00ed como en su naci\u00f3n, por lo que propuso un intercambio para una exhibici\u00f3n arqueol\u00f3gica, a fin de preservar la historia de ambas zonas.<\/p>\n\n\n\n<p>El Acuerdo de Cooperaci\u00f3n y Amistad de Yucat\u00e1n con la Gubernatura de L\u00faxor contempla, en los temas de cultura, arte y ciencia, compartir experiencias y sensibilizar a sus poblaciones, en relaci\u00f3n con sus respectivas herencias; en materia de salud y medicina, se establece la vinculaci\u00f3n de estudios y saberes, as\u00ed como la participaci\u00f3n en conferencias.<\/p>\n\n\n\n<p>Sobre deporte, turismo y juventud, se establecer\u00e1 la coordinaci\u00f3n para la presencia mutua en actividades pertinentes, realizadas en los pa\u00edses de cada parte; tambi\u00e9n, fomentar la cooperaci\u00f3n en la conservaci\u00f3n del medio ambiente, as\u00ed como el desarrollo o fortalecimiento de los lazos y las relaciones comerciales.<\/p>\n\n\n\n<p>En la reuni\u00f3n, Herrera Novelo expuso las bondades que ofrece Yucat\u00e1n, como entidad ideal para invertir, y destac\u00f3 su conectividad a\u00e9rea y mar\u00edtima, debido a su ubicaci\u00f3n geogr\u00e1fica; la r\u00e1pida recuperaci\u00f3n de empleos perdidos, en el momento m\u00e1s \u00e1lgido de la pandemia; su crecimiento econ\u00f3mico, que es mayor al promedio nacional; la generaci\u00f3n de energ\u00edas limpias, y su apuesta por la tecnolog\u00eda e innovaci\u00f3n.<\/p>\n\n\n\n<p>Por ello, hoy, tenemos la llegada de importantes empresas, como Amazon y Accenture, que no s\u00f3lo est\u00e1n generando importantes empleos para las y los yucatecos, sino que son muestra de los altos \u00edndices del territorio, en seguridad y certeza jur\u00eddica, para el impulso a proyectos como estos, a\u00f1adi\u00f3.<\/p>\n\n\n\n<p>Finalmente, el funcionario expuso algunas estrategias que el estado lleva a cabo junto con la Federaci\u00f3n, para potenciar el desarrollo local, como la Ampliaci\u00f3n de Puerto Progreso, el Tren Maya y, en el rubro de energ\u00eda, la construcci\u00f3n de 2 plantas el\u00e9ctricas de ciclo combinado y la ampliaci\u00f3n del ducto Mayak\u00e1n, para garantizar el abasto de gas natural, que contribuir\u00e1n con la disminuci\u00f3n en el costo de las tarifas.<\/p>\n","protected":false},"excerpt":{"rendered":"<p>M\u00c9RIDA.- Yucat\u00e1n y Egipto establecen lazos para trabajar de manera conjunta en las \u00e1reas de cultura, ciencia, educaci\u00f3n, salud, turismo, deporte, medio ambiente y comercio, a trav\u00e9s del intercambio de<\/p>\n","protected":false},"author":2,"featured_media":98128,"comment_status":"open","ping_status":"open","sticky":false,"template":"","format":"standard","meta":{"jetpack_post_was_ever_published":false,"_jetpack_newsletter_access":"","_jetpack_dont_email_post_to_subs":false,"_jetpack_newsletter_tier_id":0,"_jetpack_memberships_contains_paywalled_content":false,"_jetpack_memberships_contains_paid_content":false,"footnotes":"","jetpack_publicize_message":"El Gobernador Mauricio Vila y el embajador de la Rep\u00fablica \u00c1rabe de Egipto en M\u00e9xico, Khaled Abdelrahman Shamaa, firmaron el Acuerdo de Cooperaci\u00f3n y Amistad con la Gubernatura de L\u00faxor.","jetpack_publicize_feature_enabled":true,"jetpack_social_post_already_shared":true,"jetpack_social_options":{"image_generator_settings":{"template":"highway","default_image_id":0,"font":"","enabled":false},"version":2}},"categories":[17],"tags":[],"class_list":["post-98130","post","type-post","status-publish","format-standard","has-post-thumbnail","hentry","category-politica-y-gobierno"],"jetpack_publicize_connections":[],"jetpack_featured_media_url":"https:\/\/formalprision.com\/wp-content\/uploads\/2022\/03\/WhatsApp-Image-2022-03-30-at-2.50.25-PM.jpeg","jetpack_sharing_enabled":true,"jetpack_shortlink":"https:\/\/wp.me\/p6id8p-pwK","_links":{"self":[{"href":"https:\/\/formalprision.com\/index.php?rest_route=\/wp\/v2\/posts\/98130","targetHints":{"allow":["GET"]}}],"collection":[{"href":"https:\/\/formalprision.com\/index.php?rest_route=\/wp\/v2\/posts"}],"about":[{"href":"https:\/\/formalprision.com\/index.php?rest_route=\/wp\/v2\/types\/post"}],"author":[{"embeddable":true,"href":"https:\/\/formalprision.com\/index.php?rest_route=\/wp\/v2\/users\/2"}],"replies":[{"embeddable":true,"href":"https:\/\/formalprision.com\/index.php?rest_route=%2Fwp%2Fv2%2Fcomments&post=98130"}],"version-history":[{"count":0,"href":"https:\/\/formalprision.com\/index.php?rest_route=\/wp\/v2\/posts\/98130\/revisions"}],"wp:featuredmedia":[{"embeddable":true,"href":"https:\/\/formalprision.com\/index.php?rest_route=\/wp\/v2\/media\/98128"}],"wp:attachment":[{"href":"https:\/\/formalprision.com\/index.php?rest_route=%2Fwp%2Fv2%2Fmedia&parent=98130"}],"wp:term":[{"taxonomy":"category","embeddable":true,"href":"https:\/\/formalprision.com\/index.php?rest_route=%2Fwp%2Fv2%2Fcategories&post=98130"},{"taxonomy":"post_tag","embeddable":true,"href":"https:\/\/formalprision.com\/index.php?rest_route=%2Fwp%2Fv2%2Ftags&post=98130"}],"curies":[{"name":"wp","href":"https:\/\/api.w.org\/{rel}","templated":true}]}}