{"id":98132,"date":"2022-03-30T19:55:43","date_gmt":"2022-03-31T00:55:43","guid":{"rendered":"http:\/\/formalprision.com\/?p=98132"},"modified":"2022-03-31T12:32:49","modified_gmt":"2022-03-31T17:32:49","slug":"hoy-seis-contagios-un-fallecido-y-nueve-hospitalizados-de-covid-19-en-yucatan","status":"publish","type":"post","link":"https:\/\/formalprision.com\/?p=98132","title":{"rendered":"Hoy seis contagios, un fallecido y nueve hospitalizados de Covid-19 en Yucat\u00e1n"},"content":{"rendered":"\n<p>M\u00c9RIDA.- Hoy se detectaron seis contagios y un muerto m\u00e1s de COVID-19, adem\u00e1s hay nueve pacientes en hospitales p\u00fablicos; 102,630 pacientes ya se recuperaron: no presentan s\u00edntomas ni pueden contagiar. Esta cifra representa el 93% del total de contagios registrados, que es 109,596.<\/p>\n\n\n\n<p>Hoy se detectaron seis nuevos contagios de Coronavirus:<\/p>\n\n\n\n<p>1 en M\u00e9rida,<\/p>\n\n\n\n<p>1 en Akil, Samahil, Tecoh, Maxcan\u00fa y Valladolid<\/p>\n\n\n\n<p>De los 109,596 casos positivos, 761 son de otro pa\u00eds u otro estado.<\/p>\n\n\n\n<figure class=\"wp-block-image size-full\"><a href=\"http:\/\/formalprision.com\/wp-content\/uploads\/2022\/03\/IMG_20220330_141456_175.jpg\"><img loading=\"lazy\" decoding=\"async\" width=\"900\" height=\"640\" src=\"http:\/\/formalprision.com\/wp-content\/uploads\/2022\/03\/IMG_20220330_141456_175.jpg\" alt=\"\" class=\"wp-image-98137\" srcset=\"https:\/\/formalprision.com\/wp-content\/uploads\/2022\/03\/IMG_20220330_141456_175.jpg 900w, https:\/\/formalprision.com\/wp-content\/uploads\/2022\/03\/IMG_20220330_141456_175-300x213.jpg 300w, https:\/\/formalprision.com\/wp-content\/uploads\/2022\/03\/IMG_20220330_141456_175-768x546.jpg 768w\" sizes=\"auto, (max-width: 900px) 100vw, 900px\" \/><\/a><\/figure>\n\n\n\n<p>En este parte m\u00e9dico se lamentablemente se report\u00f3 una defunci\u00f3n.<\/p>\n\n\n\n<p>1.- Femenino 77 a\u00f1os de M\u00e9rida DM<\/p>\n\n\n\n<p>En total, son 6,930 las personas fallecidas a causa del Coronavirus.<\/p>\n\n\n\n<p>De los casos activos, 27 est\u00e1n estables, aislados, monitoreados por personal m\u00e9dico de la SSY; presentan s\u00edntomas leves.<\/p>\n\n\n\n<p>Como ya se mencion\u00f3, 9 de los casos positivos est\u00e1n en hospitales p\u00fablicos y en aislamiento total. Hay otros pacientes a la espera de diagn\u00f3stico.<\/p>\n\n\n\n<p>El rango de edad de los casos es de 1 mes a 107 a\u00f1os.<\/p>\n\n\n\n<p>LOS INDICADORES SEMANALES DEL SEM\u00c1FORO ESTATAL DE SALUD MARCAN COLOR VERDE.<\/p>\n","protected":false},"excerpt":{"rendered":"<p>M\u00c9RIDA.- Hoy se detectaron seis contagios y un muerto m\u00e1s de COVID-19, adem\u00e1s hay nueve pacientes en hospitales p\u00fablicos; 102,630 pacientes ya se recuperaron: no presentan s\u00edntomas ni pueden contagiar.<\/p>\n","protected":false},"author":2,"featured_media":98136,"comment_status":"open","ping_status":"open","sticky":false,"template":"","format":"standard","meta":{"jetpack_post_was_ever_published":false,"_jetpack_newsletter_access":"","_jetpack_dont_email_post_to_subs":false,"_jetpack_newsletter_tier_id":0,"_jetpack_memberships_contains_paywalled_content":false,"_jetpack_memberships_contains_paid_content":false,"footnotes":"","jetpack_publicize_message":"","jetpack_publicize_feature_enabled":true,"jetpack_social_post_already_shared":true,"jetpack_social_options":{"image_generator_settings":{"template":"highway","default_image_id":0,"font":"","enabled":false},"version":2}},"categories":[54],"tags":[],"class_list":["post-98132","post","type-post","status-publish","format-standard","has-post-thumbnail","hentry","category-yucatan"],"jetpack_publicize_connections":[],"jetpack_featured_media_url":"https:\/\/formalprision.com\/wp-content\/uploads\/2022\/03\/IMG_20220330_141607_333.jpg","jetpack_sharing_enabled":true,"jetpack_shortlink":"https:\/\/wp.me\/p6id8p-pwM","_links":{"self":[{"href":"https:\/\/formalprision.com\/index.php?rest_route=\/wp\/v2\/posts\/98132","targetHints":{"allow":["GET"]}}],"collection":[{"href":"https:\/\/formalprision.com\/index.php?rest_route=\/wp\/v2\/posts"}],"about":[{"href":"https:\/\/formalprision.com\/index.php?rest_route=\/wp\/v2\/types\/post"}],"author":[{"embeddable":true,"href":"https:\/\/formalprision.com\/index.php?rest_route=\/wp\/v2\/users\/2"}],"replies":[{"embeddable":true,"href":"https:\/\/formalprision.com\/index.php?rest_route=%2Fwp%2Fv2%2Fcomments&post=98132"}],"version-history":[{"count":0,"href":"https:\/\/formalprision.com\/index.php?rest_route=\/wp\/v2\/posts\/98132\/revisions"}],"wp:featuredmedia":[{"embeddable":true,"href":"https:\/\/formalprision.com\/index.php?rest_route=\/wp\/v2\/media\/98136"}],"wp:attachment":[{"href":"https:\/\/formalprision.com\/index.php?rest_route=%2Fwp%2Fv2%2Fmedia&parent=98132"}],"wp:term":[{"taxonomy":"category","embeddable":true,"href":"https:\/\/formalprision.com\/index.php?rest_route=%2Fwp%2Fv2%2Fcategories&post=98132"},{"taxonomy":"post_tag","embeddable":true,"href":"https:\/\/formalprision.com\/index.php?rest_route=%2Fwp%2Fv2%2Ftags&post=98132"}],"curies":[{"name":"wp","href":"https:\/\/api.w.org\/{rel}","templated":true}]}}