{"id":98139,"date":"2022-03-30T22:49:51","date_gmt":"2022-03-31T03:49:51","guid":{"rendered":"http:\/\/formalprision.com\/?p=98139"},"modified":"2022-03-31T12:32:15","modified_gmt":"2022-03-31T17:32:15","slug":"sentencian-a-mas-de-88-anos-a-sicarios-que-mataron-a-teresa-vega-y-un-joven-policia","status":"publish","type":"post","link":"https:\/\/formalprision.com\/?p=98139","title":{"rendered":"Sentencian a m\u00e1s de 88 a\u00f1os a sicarios que mataron a Teresa Vega y un joven polic\u00eda"},"content":{"rendered":"\n<p>M\u00c9RIDA.- Por los delitos de feminicidio y homicidio calificado contra un servidor p\u00fablico cometidos en pandilla, M.A.L.J., A.A.S. y M.J.R.G., fueron sentenciados a 88 a\u00f1os y nueve meses de prisi\u00f3n, luego de las pruebas aportadas por la Fiscal\u00eda General del Estado (FGE), tras los hechos registrados en el fraccionamiento Gran San Pedro Cholul.<\/p>\n\n\n\n<p>La condena se decret\u00f3 luego de que los fiscales de litigaci\u00f3n de la FGE desahogaran los documentos contenidos en la carpeta de investigaci\u00f3n, en donde se comprob\u00f3 la participaci\u00f3n de los dos hombres y la mujer en los delitos se\u00f1alados, en los que fallecieron Teresa Aurora V.C. y el joven polic\u00eda de la SSP Ra\u00fal Adri\u00e1n C.A., el 23 de julio del a\u00f1o pasado.<\/p>\n\n\n\n<p>En el Juzgado Primero de Control del Centro de Justicia Oral de M\u00e9rida se dio paso a la audiencia intermedia donde las partes aceptaron que se procediera con la sentencia a trav\u00e9s de un procedimiento abreviado, imponi\u00e9ndose la sentencia por los delitos mencionados. De igual manera, se les conden\u00f3 al pago de reparaci\u00f3n del da\u00f1o, se les negaron los beneficios, se orden\u00f3 su amonestaci\u00f3n p\u00fablica y la privaci\u00f3n de sus derechos pol\u00edticos.<\/p>\n\n\n\n<p>En la audiencia se detall\u00f3 que los acusados mataron a Teresa Veg, a quien sorprendieron cuando sal\u00eda de su domicilio para abordar su veh\u00edculo, pero fue sometida y jalada al interior de la vivienda, donde la agredieron con un arma blanca.<\/p>\n\n\n\n<p>Tras el delito de feminicidio, los involucrados abordaron el veh\u00edculo de la v\u00edctima e intentaron darse a la fuga, pero fueron detenidos momentos despu\u00e9s por el oficial motorizado en la carretera M\u00e9rida-Motul, donde de manera conjunta los imputados sometieron al agente y lo mataron con su arma de cargo.<\/p>\n\n\n\n<p>Mientras los involucrados continuaban con su huida, se dio paso al despliegue de un operativo coordinado de las fuerzas policiacas que permiti\u00f3 su detenci\u00f3n cuando intentaban salir del Estado.<\/p>\n\n\n\n<p>Al t\u00e9rmino de la audiencia se inform\u00f3 que las partes renunciaron al plazo para apelar la citada sentencia, por lo que qued\u00f3 en firme la sentencia.<\/p>\n","protected":false},"excerpt":{"rendered":"<p>M\u00c9RIDA.- Por los delitos de feminicidio y homicidio calificado contra un servidor p\u00fablico cometidos en pandilla, M.A.L.J., A.A.S. y M.J.R.G., fueron sentenciados a 88 a\u00f1os y nueve meses de prisi\u00f3n,<\/p>\n","protected":false},"author":2,"featured_media":98141,"comment_status":"open","ping_status":"open","sticky":false,"template":"","format":"standard","meta":{"jetpack_post_was_ever_published":false,"_jetpack_newsletter_access":"","_jetpack_dont_email_post_to_subs":false,"_jetpack_newsletter_tier_id":0,"_jetpack_memberships_contains_paywalled_content":false,"_jetpack_memberships_contains_paid_content":false,"footnotes":"","jetpack_publicize_message":"El feminicidio contra Teresa Vega ocurri\u00f3 en Gran San Pedro Cholul y el asesinato del joven polic\u00eda, en la carretera M\u00e9rida-Motul, ambos el 23 de julio del 2021.","jetpack_publicize_feature_enabled":true,"jetpack_social_post_already_shared":true,"jetpack_social_options":{"image_generator_settings":{"template":"highway","default_image_id":0,"font":"","enabled":false},"version":2}},"categories":[54],"tags":[],"class_list":["post-98139","post","type-post","status-publish","format-standard","has-post-thumbnail","hentry","category-yucatan"],"jetpack_publicize_connections":[],"jetpack_featured_media_url":"https:\/\/formalprision.com\/wp-content\/uploads\/2022\/03\/asesin.jpg","jetpack_sharing_enabled":true,"jetpack_shortlink":"https:\/\/wp.me\/p6id8p-pwT","_links":{"self":[{"href":"https:\/\/formalprision.com\/index.php?rest_route=\/wp\/v2\/posts\/98139","targetHints":{"allow":["GET"]}}],"collection":[{"href":"https:\/\/formalprision.com\/index.php?rest_route=\/wp\/v2\/posts"}],"about":[{"href":"https:\/\/formalprision.com\/index.php?rest_route=\/wp\/v2\/types\/post"}],"author":[{"embeddable":true,"href":"https:\/\/formalprision.com\/index.php?rest_route=\/wp\/v2\/users\/2"}],"replies":[{"embeddable":true,"href":"https:\/\/formalprision.com\/index.php?rest_route=%2Fwp%2Fv2%2Fcomments&post=98139"}],"version-history":[{"count":0,"href":"https:\/\/formalprision.com\/index.php?rest_route=\/wp\/v2\/posts\/98139\/revisions"}],"wp:featuredmedia":[{"embeddable":true,"href":"https:\/\/formalprision.com\/index.php?rest_route=\/wp\/v2\/media\/98141"}],"wp:attachment":[{"href":"https:\/\/formalprision.com\/index.php?rest_route=%2Fwp%2Fv2%2Fmedia&parent=98139"}],"wp:term":[{"taxonomy":"category","embeddable":true,"href":"https:\/\/formalprision.com\/index.php?rest_route=%2Fwp%2Fv2%2Fcategories&post=98139"},{"taxonomy":"post_tag","embeddable":true,"href":"https:\/\/formalprision.com\/index.php?rest_route=%2Fwp%2Fv2%2Ftags&post=98139"}],"curies":[{"name":"wp","href":"https:\/\/api.w.org\/{rel}","templated":true}]}}