{"id":98142,"date":"2022-03-30T23:02:16","date_gmt":"2022-03-31T04:02:16","guid":{"rendered":"http:\/\/formalprision.com\/?p=98142"},"modified":"2022-04-01T01:52:16","modified_gmt":"2022-04-01T06:52:16","slug":"anuncian-la-primera-carrera-por-el-autismo-2022-el-domingo-3-de-abril","status":"publish","type":"post","link":"https:\/\/formalprision.com\/?p=98142","title":{"rendered":"Anuncian la Primera Carrera por el Autismo 2022, el domingo 3 de abril"},"content":{"rendered":"\n<p>M\u00c9RIDA.- Con el objetivo no solo de obtener fondos para apoyar a la Asociaci\u00f3n Yucateca de lucha contra el Autismo y otros Trastornos del Desarrollo A.C. (A.Y.U.D.A), sino fundamentalmente sensibilizar sobre el Trastorno de Espectro Autista (TEA) y romper mitos, se llevar\u00e1 a cabo la Primera Carrera por el Autismo 2022, con salida y meta en Remate Paseo de Montejo, as\u00ed fue anunciado esta ma\u00f1ana en rueda de prensa.<\/p>\n\n\n\n<p>Este evento deportivo y solidario, organizado por A.Y.U.D.A. y Reino del Emprendedor, en conjunto con el Ayuntamiento de M\u00e9rida, se realizar\u00e1 este domingo 3 de abril, fecha en la que se conmemora el D\u00eda Mundial de Concienciaci\u00f3n sobre el Autismo. El disparo de salida se realizar\u00e1 a las siete de la ma\u00f1ana. Posteriormente, a las nueve de la ma\u00f1ana de ese d\u00eda, se llevar\u00e1 a cabo una kermes para recaudar fondos.<\/p>\n\n\n\n<p>Con la presencia de Jes\u00fas Aguilar y Aguilar, Secretario T\u00e9cnico de Deportes, en representaci\u00f3n del alcalde Ren\u00e1n Barrera Concha, y Jacqueline V\u00e1zquez Lara y Estefan\u00eda Herrera Escalante, Directoras de A.Y.U.D.A y Reino del Emprendedor, respectivamente, dieron a conocer los detalles del evento que tendr\u00e1 un recorrido de cinco kil\u00f3metros.<br>V\u00e1zquez Lara dio a conocer que A.Y.U.D.A es una Asociaci\u00f3n Civil que desde 1995 se especializa en la detecci\u00f3n y tratamiento de las personas con TEA desde edad temprana hasta la edad adulta.<\/p>\n\n\n\n<p>Asimismo, explic\u00f3 que el trastorno de espectro autista es una condici\u00f3n del desarrollo que afecta principalmente el \u00e1rea socio comunicativa y conductual. De acuerdo a estad\u00edsticas de Autism Speaks en 2015, en M\u00e9xico se presenta 1 caso en cada 115 ni\u00f1os. En nuestro pa\u00eds, seg\u00fan investigaciones de CLIMA A.C. Se calcula que de cada dos millones de nacimientos al a\u00f1o en M\u00e9xico se calcula que 6,000 probablemente desarrollar\u00e1n esta condici\u00f3n. Dicha asociaci\u00f3n se ubica en la calle 40 477 X 25 y 27 Fraccionamiento, Los Pinos.<\/p>\n\n\n\n<p>Por su parte, Herrera Escalante dio a conocer que la carrera se desarrollar\u00e1 en categor\u00eda libre \u00fanica, en rama varonil y femenil, y entregar\u00e1 una playera conmemorativa a los 100 primeros corredores en cruzar la meta.<\/p>\n\n\n\n<p>De igual forma, se entregar\u00e1 reconocimiento y galard\u00f3n a los 3 primeros lugares.<\/p>\n\n\n\n<p>Las inscripciones son gratuitas y se podr\u00e1n realizar a partir del jueves 31 de marzo al viernes 1 de abril, en las oficinas de la Secretar\u00eda T\u00e9cnica del Deporte, ubicadas en la calle 65 x 40 y 42, Centro, y en la Unidad Deportiva Francisco de Montejo, de 9 am a 3 pm.<\/p>\n\n\n\n<p>Adem\u00e1s, dichas organizaciones desarrollar\u00e1n otras actividades como son la I Caminata por el Autismo en el marco de la Biciruta Nocturna este s\u00e1bado 2 de abril, a las seis de la tarde. La salida ser\u00e1 en el Monumento a Justo Sierra y concluir\u00e1n en el Monumento a la Patr\u00eda. Una hora m\u00e1s tarde, la obra del escultor Romulo Rozo se iluminar\u00e1 de azul.<\/p>\n\n\n\n<p>Ese mismo s\u00e1bado, se realizar\u00e1 un bazar de emprendedores a un costado del Colegio Teresiano Enrique de Oss\u00f3, a las seis de la tarde.<\/p>\n\n\n\n<p>En la presentaci\u00f3n estuvieron Renata Edith P\u00e9rez Zamudio, Estudiante de Asistencia Educativa, y Ana Fleites Chal\u00e9, Jefa de Vinculaci\u00f3n y Promoci\u00f3n del Deporte.<\/p>\n","protected":false},"excerpt":{"rendered":"<p>M\u00c9RIDA.- Con el objetivo no solo de obtener fondos para apoyar a la Asociaci\u00f3n Yucateca de lucha contra el Autismo y otros Trastornos del Desarrollo A.C. (A.Y.U.D.A), sino fundamentalmente sensibilizar<\/p>\n","protected":false},"author":2,"featured_media":98144,"comment_status":"open","ping_status":"open","sticky":false,"template":"","format":"standard","meta":{"jetpack_post_was_ever_published":false,"_jetpack_newsletter_access":"","_jetpack_dont_email_post_to_subs":false,"_jetpack_newsletter_tier_id":0,"_jetpack_memberships_contains_paywalled_content":false,"_jetpack_memberships_contains_paid_content":false,"footnotes":"","jetpack_publicize_message":"La salida y meta de la Primera Carrera por el Autismo 2022 ser\u00e1 el remate de Montejo. El dispar\u00f3 de salida ser\u00e1 a las 7 de la ma\u00f1ana del domingo 3 de abril.","jetpack_publicize_feature_enabled":true,"jetpack_social_post_already_shared":true,"jetpack_social_options":{"image_generator_settings":{"template":"highway","default_image_id":0,"font":"","enabled":false},"version":2}},"categories":[4],"tags":[],"class_list":["post-98142","post","type-post","status-publish","format-standard","has-post-thumbnail","hentry","category-deportes"],"jetpack_publicize_connections":[],"jetpack_featured_media_url":"https:\/\/formalprision.com\/wp-content\/uploads\/2022\/03\/WhatsApp-Image-2022-03-30-at-1.29.33-PM.jpeg","jetpack_sharing_enabled":true,"jetpack_shortlink":"https:\/\/wp.me\/p6id8p-pwW","_links":{"self":[{"href":"https:\/\/formalprision.com\/index.php?rest_route=\/wp\/v2\/posts\/98142","targetHints":{"allow":["GET"]}}],"collection":[{"href":"https:\/\/formalprision.com\/index.php?rest_route=\/wp\/v2\/posts"}],"about":[{"href":"https:\/\/formalprision.com\/index.php?rest_route=\/wp\/v2\/types\/post"}],"author":[{"embeddable":true,"href":"https:\/\/formalprision.com\/index.php?rest_route=\/wp\/v2\/users\/2"}],"replies":[{"embeddable":true,"href":"https:\/\/formalprision.com\/index.php?rest_route=%2Fwp%2Fv2%2Fcomments&post=98142"}],"version-history":[{"count":0,"href":"https:\/\/formalprision.com\/index.php?rest_route=\/wp\/v2\/posts\/98142\/revisions"}],"wp:featuredmedia":[{"embeddable":true,"href":"https:\/\/formalprision.com\/index.php?rest_route=\/wp\/v2\/media\/98144"}],"wp:attachment":[{"href":"https:\/\/formalprision.com\/index.php?rest_route=%2Fwp%2Fv2%2Fmedia&parent=98142"}],"wp:term":[{"taxonomy":"category","embeddable":true,"href":"https:\/\/formalprision.com\/index.php?rest_route=%2Fwp%2Fv2%2Fcategories&post=98142"},{"taxonomy":"post_tag","embeddable":true,"href":"https:\/\/formalprision.com\/index.php?rest_route=%2Fwp%2Fv2%2Ftags&post=98142"}],"curies":[{"name":"wp","href":"https:\/\/api.w.org\/{rel}","templated":true}]}}