{"id":98145,"date":"2022-03-31T09:21:12","date_gmt":"2022-03-31T14:21:12","guid":{"rendered":"http:\/\/formalprision.com\/?p=98145"},"modified":"2022-03-31T09:21:12","modified_gmt":"2022-03-31T14:21:12","slug":"concluye-el-1er-congreso-nacional-aqui-igualdad-sustantiva-y-desarrollo-democratico","status":"publish","type":"post","link":"https:\/\/formalprision.com\/?p=98145","title":{"rendered":"Concluye el 1er. Congreso Nacional Aqu\u00ed, Igualdad Sustantiva y Desarrollo Democr\u00e1tico"},"content":{"rendered":"\n<p>El Consejero Presidente del Instituto Electoral y de Participaci\u00f3n Ciudadana de Yucat\u00e1n, Mois\u00e9s Bates Aguilar, cedi\u00f3 la estafeta de la organizaci\u00f3n del 1er. Congreso Nacional Aqu\u00ed, Igualdad Sustantiva y Desarrollo Democr\u00e1tico al presidente del Instituto para el Desarrollo Democr\u00e1tico y la Competitividad (IDdeco) Ecuador, Daniel Gonz\u00e1lez P\u00e9rez, para la realizaci\u00f3n en 2023 de este evento internacional en el cual participaron alrededor de 100 personas de Brasil, Colombia, Costa Rica, Ecuador, Espa\u00f1a, Estados Unidos y M\u00e9xico, en modalidad presencial y a distancia en la sede M\u00e9rida.<\/p>\n\n\n\n<p>Con el compromiso de perfeccionar los procesos electorales y continuar trabajando en la promoci\u00f3n y el desarrollo de la cultura democr\u00e1tica para construir una ciudadan\u00eda que entienda plenamente los temas de inclusi\u00f3n, igualdad, paridad y equidad, Bates Aguilar consider\u00f3 que este evento propiciar\u00e1 compromisos claros y tareas para seguir impulsando una democracia sustantiva en la entidad.<\/p>\n\n\n\n<p>En presencia de la presidenta Regional para Am\u00e9rica Latina y el Caribe del IDdeco, Claudia Isela Guzm\u00e1n Gonz\u00e1lez y de representantes de los pa\u00edses participantes, afirm\u00f3 que los Institutos Electorales, tanto nacionales como estatales, no s\u00f3lo tienen la funci\u00f3n de organizar elecciones, sino tambi\u00e9n la tarea fundamental de la promoci\u00f3n y el desarrollo de la cultura democr\u00e1tica mediante la educaci\u00f3n c\u00edvica, para identificar de manera clara las conductas que no se deben repetir en el camino a relacionarnos mejor como personas.<\/p>\n\n\n\n<p>Al ceder la estafeta a Ecuador confi\u00f3 que los trabajos en ese pa\u00eds ser\u00e1n igual de exitosos y contribuir\u00e1n a entender mejor la nueva realidad que debe imperar en toda la sociedad: La Igualdad Sustantiva.<\/p>\n\n\n\n<p>Gonz\u00e1lez P\u00e9rez ofreci\u00f3 continuar con el trabajo porque la igualdad sustantiva y el desarrollo democr\u00e1tico son principios comunes que abrazan todos los pa\u00edses de Am\u00e9rica Latina con el prop\u00f3sito de tener democracias sustantivas e inclusivas donde todas y todos sean escuchados y tengan las mismas oportunidades en la participaci\u00f3n, pero sobre todo en la representaci\u00f3n pol\u00edtica.<\/p>\n\n\n\n<p>Durante el \u00faltimo d\u00eda de actividades del 1er. Congreso Nacional Aqu\u00ed, Igualdad Sustantiva y Desarrollo Democr\u00e1tico se llev\u00f3 a cabo el Panel: \u201cIncidencia de la Participaci\u00f3n Pol\u00edtica y Ciudadana\u201d, en el que participaron Roc\u00edo Quintal, Acad\u00e9mica de la UADY y Consejera Electoral del Consejo Local del INE en Yucat\u00e1n; Paloma Blanco L\u00f3pez, Consejera Presidenta del CEEPAC de San Luis Potos\u00ed; Alicia del Pilar Lugo Medina, presidenta de la Comisi\u00f3n de Denuncias y Quejas del IEPAC; Fernando Pindado, Profesor colaborador del Instituto de Gobierno y Poli\u0301ticas Pu\u0301blicas de la Universidad Auto\u0301noma de Barcelona, bajo la moderaci\u00f3n de Doris Amira Dur\u00e1n Castillo, Directora de la Unidad T\u00e9cnica de Fiscalizaci\u00f3n del IEPAC.<\/p>\n\n\n\n<p>El Conversatorio: El papel de las mujeres en la observaci\u00f3n electoral internacional, moderado por Claudia Corichi, copresidenta de la sede Ciudad de M\u00e9xico, y Jorge Vallejo Buenfil, Consejero Electoral del IEPAC, cont\u00f3 con la participaci\u00f3n de Ann Miller Ravel, ex Presidenta de la Comisi\u00f3n Federal de Elecciones de Estados Unidos; Paula Gomes coordinadora de la Conferencia Americana de Organismos Electorales Subnacionales (Caoeste), en Brasil de la Transparencia Electoral Ame\u0301rica Latina; y Katherine Fern\u00e1ndez Rojas, consultora del Instituto Interamericano de Derechos Humanos de Costa Rica.<\/p>\n\n\n\n<p>Al t\u00e9rmino del evento se suscribi\u00f3 el acta de la fundaci\u00f3n de la Red de Mujeres Observadoras internacionales que consistir\u00e1 en un cl\u00faster de personas expertas en misiones de observaci\u00f3n internacional.<\/p>\n\n\n\n<p>La Presidenta Regional para LATAM y el Caribe del Instituto para el Desarrollo Democr\u00e1tico y la Competitividad (IDDECO), explic\u00f3 que esta Red es creada para compartir, colaborar y crear metodolog\u00edas e informes, investigaciones, reportes y experiencias con fines de divulgaci\u00f3n, difusi\u00f3n y el impulso para mayores espacios de integraci\u00f3n de misiones de observaci\u00f3n a fin de reconocer la importancia de la incidencia de las mujeres en el \u00e1mbito de la observaci\u00f3n electoral desde un contexto de igualdad sustantiva.<\/p>\n\n\n\n<p>Suscribieron el documento Guzm\u00e1n Gonz\u00e1lez; Johanna Cilano, Co-Directora de Gobierno y Ana\u0301lisis Poli\u0301tico; Mar\u00eda del Mar Trejo P\u00e9rez, Consejera del Consejo Consultivo IDDECO; Johana Fandin\u0303o Casas, coordinadora de la Oficina de Asuntos Internacionales Registraduri\u0301a Nacional del Estado Civil de Colombia; Ann Miller Ravel y Katherine Fern\u00e1ndez, entre otras participantes interesadas en sumarse a esta importante Red.<\/p>\n\n\n\n<p>Las mesas panel y conversatorio realizados durante los dos d\u00edas de actividades en M\u00e9rida fueron transmitidos en vivo por Facebook Live y YouTube del IEPAC Yucat\u00e1n y se encuentran disponibles para la ciudadan\u00eda interesada.<\/p>\n","protected":false},"excerpt":{"rendered":"<p>El Consejero Presidente del Instituto Electoral y de Participaci\u00f3n Ciudadana de Yucat\u00e1n, Mois\u00e9s Bates Aguilar, cedi\u00f3 la estafeta de la organizaci\u00f3n del 1er. Congreso Nacional Aqu\u00ed, Igualdad Sustantiva y Desarrollo<\/p>\n","protected":false},"author":2,"featured_media":98147,"comment_status":"open","ping_status":"open","sticky":false,"template":"","format":"standard","meta":{"jetpack_post_was_ever_published":false,"_jetpack_newsletter_access":"","_jetpack_dont_email_post_to_subs":false,"_jetpack_newsletter_tier_id":0,"_jetpack_memberships_contains_paywalled_content":false,"_jetpack_memberships_contains_paid_content":false,"footnotes":"","jetpack_publicize_message":"Concluyen los trabajos con propuestas para llegar a una democracia igualitaria.","jetpack_publicize_feature_enabled":true,"jetpack_social_post_already_shared":true,"jetpack_social_options":{"image_generator_settings":{"template":"highway","default_image_id":0,"font":"","enabled":false},"version":2}},"categories":[14],"tags":[],"class_list":["post-98145","post","type-post","status-publish","format-standard","has-post-thumbnail","hentry","category-merida"],"jetpack_publicize_connections":[],"jetpack_featured_media_url":"https:\/\/formalprision.com\/wp-content\/uploads\/2022\/03\/7.jpg","jetpack_sharing_enabled":true,"jetpack_shortlink":"https:\/\/wp.me\/p6id8p-pwZ","_links":{"self":[{"href":"https:\/\/formalprision.com\/index.php?rest_route=\/wp\/v2\/posts\/98145","targetHints":{"allow":["GET"]}}],"collection":[{"href":"https:\/\/formalprision.com\/index.php?rest_route=\/wp\/v2\/posts"}],"about":[{"href":"https:\/\/formalprision.com\/index.php?rest_route=\/wp\/v2\/types\/post"}],"author":[{"embeddable":true,"href":"https:\/\/formalprision.com\/index.php?rest_route=\/wp\/v2\/users\/2"}],"replies":[{"embeddable":true,"href":"https:\/\/formalprision.com\/index.php?rest_route=%2Fwp%2Fv2%2Fcomments&post=98145"}],"version-history":[{"count":0,"href":"https:\/\/formalprision.com\/index.php?rest_route=\/wp\/v2\/posts\/98145\/revisions"}],"wp:featuredmedia":[{"embeddable":true,"href":"https:\/\/formalprision.com\/index.php?rest_route=\/wp\/v2\/media\/98147"}],"wp:attachment":[{"href":"https:\/\/formalprision.com\/index.php?rest_route=%2Fwp%2Fv2%2Fmedia&parent=98145"}],"wp:term":[{"taxonomy":"category","embeddable":true,"href":"https:\/\/formalprision.com\/index.php?rest_route=%2Fwp%2Fv2%2Fcategories&post=98145"},{"taxonomy":"post_tag","embeddable":true,"href":"https:\/\/formalprision.com\/index.php?rest_route=%2Fwp%2Fv2%2Ftags&post=98145"}],"curies":[{"name":"wp","href":"https:\/\/api.w.org\/{rel}","templated":true}]}}