{"id":98151,"date":"2022-03-31T12:30:29","date_gmt":"2022-03-31T17:30:29","guid":{"rendered":"http:\/\/formalprision.com\/?p=98151"},"modified":"2022-04-01T01:51:44","modified_gmt":"2022-04-01T06:51:44","slug":"adolescentes-con-comorbilidades-reciben-dosis-de-refuerzo","status":"publish","type":"post","link":"https:\/\/formalprision.com\/?p=98151","title":{"rendered":"Adolescentes con comorbilidades reciben dosis de refuerzo"},"content":{"rendered":"\n<p>M\u00e9rida, Yucat\u00e1n, 31 de marzo de 2022.- Inicia la aplicaci\u00f3n de la dosis de refuerzo contra el Coronavirus a adolescentes de 12 a 17 a\u00f1os con comorbilidades en un proceso que se desarrolla con agilidad y de forma favorable en M\u00e9rida y otros 6 municipios del interior del estado, con lo que se sigue avanzando con la protecci\u00f3n de m\u00e1s yucatecos contra este virus, inform\u00f3 la Secretar\u00eda de Salud del Estado (SSY).<\/p>\n\n\n\n<p>En M\u00e9rida, en el Hospital de la Amistad Corea M\u00e9xico, se encontraba Miriam S\u00e1nchez Pech, madre de Miguel de 14 a\u00f1os de edad quien padece enfermedades respiratorias y por lo que la vacuna contra el Coronavirus representa una valiosa oportunidad de salud para que pueda seguir reactivando sus actividades.<\/p>\n\n\n\n<p>\u201cEs un gran alivio como madre de familia que nuestros hijos con complicaciones de salud puedan tener esta oportunidad para poder regresar a sus actividades, pero protegidos y con la seguridad de que cuentan ya con las tres dosis contra esta enfermedad\u201d, indic\u00f3.<\/p>\n\n\n\n<p>Por otra parte, en el interior del estado, en la localidad de Maxcan\u00fa, Ra\u00fal Chi L\u00f3pez acudi\u00f3 junto con su hija, Mar\u00eda Elena de 12 a\u00f1os, al Hospital del IMSS Bienestar, para que recibiera la dosis de refuerzo contra el Coronavirus que la protege ante la pandemia.<\/p>\n\n\n\n<p>\u201cHoy significa un d\u00eda muy importante para nosotros, desde la primera vacuna nos sentimos con m\u00e1s tranquilidad sobre la salud de nuestra peque\u00f1a y ahora m\u00e1s r\u00e1pido de lo que esper\u00e1bamos ya cuenta con las 3 dosis, lo que nos brinda mucha alegr\u00eda para que ella pueda seguir con mayor seguridad\u201d, comparti\u00f3 el padre de familia.<\/p>\n\n\n\n<p>Este jueves y ma\u00f1ana viernes 1 de abril, son las fechas \u00fanicas en las que se aplican las dosis de refuerzo para adolescentes de 12 a 17 a\u00f1os con comorbilidades de M\u00e9rida, Tizim\u00edn, Valladolid, Izamal, Maxcan\u00fa, Tekax y Oxkutzcab, en las que los adolescentes reciben la dosis de refuerzo de la farmac\u00e9utica Pfizer.<\/p>\n\n\n\n<p>Esta etapa de vacunaci\u00f3n se desarrolla, para la capital yucateca, en los hospitales de la Amistad Corea M\u00e9xico de la SSY, as\u00ed como en el Centro Social del Instituto Mexicano del Seguro Social (IMSS) y Susul\u00e1 del Instituto de Seguridad y Servicios Sociales de los Trabajadores del Estado (Issste).<\/p>\n\n\n\n<p>Para los adolescentes de Tizim\u00edn, la aplicaci\u00f3n se lleva a cabo en el hospital General de Zona M\u00e9dico Familiar del IMSS; en Valladolid y Tekax, en los respectivos hospitales generales a cargo de la SSY; y en Izamal, Maxcan\u00fa y Oxkutzcab se realiza lo mismo en los hospitales del IMSS Bienestar de cada demarcaci\u00f3n.<\/p>\n\n\n\n<p>Al mismo tiempo, contin\u00faa el proceso de vacunaci\u00f3n a personas de 18 a 39 a\u00f1os de edad provenientes de 22 municipios del interior del estado: Tzucacab, Akil, Sey\u00e9, Timucuy, Dzidzant\u00fan, Tixcacalcupul, Cacalch\u00e9n, Opich\u00e9n, Teabo, Abal\u00e1, Panab\u00e1, Temax, Hocab\u00e1, Hoct\u00fan, Dz\u00e1n, Man\u00ed, Tixm\u00e9huac, Huh\u00ed, Tixp\u00e9ual, Kantunil, Sacalum, y Santa Elena, etapa que concluye ma\u00f1ana viernes.<\/p>\n","protected":false},"excerpt":{"rendered":"<p>M\u00e9rida, Yucat\u00e1n, 31 de marzo de 2022.- Inicia la aplicaci\u00f3n de la dosis de refuerzo contra el Coronavirus a adolescentes de 12 a 17 a\u00f1os con comorbilidades en un proceso<\/p>\n","protected":false},"author":1,"featured_media":98152,"comment_status":"open","ping_status":"open","sticky":false,"template":"","format":"standard","meta":{"jetpack_post_was_ever_published":false,"_jetpack_newsletter_access":"","_jetpack_dont_email_post_to_subs":false,"_jetpack_newsletter_tier_id":0,"_jetpack_memberships_contains_paywalled_content":false,"_jetpack_memberships_contains_paid_content":false,"footnotes":"","jetpack_publicize_message":"se llevar\u00e1 a cabo hasta ma\u00f1ana viernes, transcurre en orden y con agilidad en los municipios de M\u00e9rida, Valladolid, Tizim\u00edn, Izamal, Maxcan\u00fa, Tekax y Oxkutzcab.","jetpack_publicize_feature_enabled":true,"jetpack_social_post_already_shared":true,"jetpack_social_options":{"image_generator_settings":{"template":"highway","default_image_id":0,"font":"","enabled":false},"version":2}},"categories":[54],"tags":[],"class_list":["post-98151","post","type-post","status-publish","format-standard","has-post-thumbnail","hentry","category-yucatan"],"jetpack_publicize_connections":[],"jetpack_featured_media_url":"https:\/\/formalprision.com\/wp-content\/uploads\/2022\/03\/IMG-20220331-WA0046.jpg","jetpack_sharing_enabled":true,"jetpack_shortlink":"https:\/\/wp.me\/p6id8p-px5","_links":{"self":[{"href":"https:\/\/formalprision.com\/index.php?rest_route=\/wp\/v2\/posts\/98151","targetHints":{"allow":["GET"]}}],"collection":[{"href":"https:\/\/formalprision.com\/index.php?rest_route=\/wp\/v2\/posts"}],"about":[{"href":"https:\/\/formalprision.com\/index.php?rest_route=\/wp\/v2\/types\/post"}],"author":[{"embeddable":true,"href":"https:\/\/formalprision.com\/index.php?rest_route=\/wp\/v2\/users\/1"}],"replies":[{"embeddable":true,"href":"https:\/\/formalprision.com\/index.php?rest_route=%2Fwp%2Fv2%2Fcomments&post=98151"}],"version-history":[{"count":0,"href":"https:\/\/formalprision.com\/index.php?rest_route=\/wp\/v2\/posts\/98151\/revisions"}],"wp:featuredmedia":[{"embeddable":true,"href":"https:\/\/formalprision.com\/index.php?rest_route=\/wp\/v2\/media\/98152"}],"wp:attachment":[{"href":"https:\/\/formalprision.com\/index.php?rest_route=%2Fwp%2Fv2%2Fmedia&parent=98151"}],"wp:term":[{"taxonomy":"category","embeddable":true,"href":"https:\/\/formalprision.com\/index.php?rest_route=%2Fwp%2Fv2%2Fcategories&post=98151"},{"taxonomy":"post_tag","embeddable":true,"href":"https:\/\/formalprision.com\/index.php?rest_route=%2Fwp%2Fv2%2Ftags&post=98151"}],"curies":[{"name":"wp","href":"https:\/\/api.w.org\/{rel}","templated":true}]}}