{"id":98158,"date":"2022-03-31T14:18:11","date_gmt":"2022-03-31T19:18:11","guid":{"rendered":"http:\/\/formalprision.com\/?p=98158"},"modified":"2022-04-01T01:51:05","modified_gmt":"2022-04-01T06:51:05","slug":"no-podemos-fallarles-a-nuestros-ninos-georgina-ortega-fundadora-de-casa-amar","status":"publish","type":"post","link":"https:\/\/formalprision.com\/?p=98158","title":{"rendered":"No podemos fallarles a nuestros ni\u00f1os: Georgina Ortega, fundadora de Casa Amar"},"content":{"rendered":"\n<p>Con mucho trabajo y con el apoyo de muchas personas Casa Amar es un sue\u00f1o que hemos logrado materializar, y un compromiso que hemos asumido como misi\u00f3n, que es restaurar la vida de estas ni\u00f1as y ni\u00f1os y cambiar su historia, afirm\u00f3 Georgina Ortega Joaqu\u00edn, Fundadora y Presidenta del Consejo de Fundaci\u00f3n AMAR.<\/p>\n\n\n\n<p>Hoy inicia una etapa en la cual nos corresponde hacer frente a la realidad y la historia de cada una de las 12 ni\u00f1as y 10 ni\u00f1os que a partir de hoy tenemos bajo nuestra responsabilidad, en cuyas miradas y cuerpos evidencian la negligencia y la violencia a la que han sido sometidos, indic\u00f3 durante la inauguraci\u00f3n de Casa Amar.<\/p>\n\n\n\n<p>\u201cNo podemos fallarle a estos ni\u00f1os como sociedad, y confiemos en que ellos nos van a compartir su energ\u00eda, nos van a prestar su imaginaci\u00f3n y junto a los ni\u00f1os se siente que todo es posible, y as\u00ed ser\u00e1\u201d, afirm\u00f3 Georgina Ortega Joaqu\u00edn, acompa\u00f1ada de Mariana Villamil Rodr\u00edguez, Subdirectora Operativa del DIF Estatal, en representaci\u00f3n del Gobernador Mauricio Vila.<\/p>\n\n\n\n<p>Al tiempo, agradeci\u00f3 a todas las personas que se han sumado a este proyecto y a las autoridades, en especial a Yvette Franco Moreno, Cofundadora de la Fundaci\u00f3n Amar del Sureste IAP y Presidenta del Consejo Consultivo, as\u00ed como a cada uno de sus miembros.<\/p>\n\n\n\n<p>\u201cTodo este trabajo no ser\u00eda posible sin el valioso equipo de la Fundaci\u00f3n AMAR\u2026 y es el resultado de una suma de voluntades. Cuando la autoridad y la sociedad dicen que s\u00ed, todo se puede\u201d, asegur\u00f3.<\/p>\n\n\n\n<p>Casa Amar es una casa de transici\u00f3n a la familia, la cual a trav\u00e9s de un modelo integral de atenci\u00f3n humana, f\u00edsica, emocional, psicol\u00f3gica, acad\u00e9mica, nutricional y de vida digna, asegura el acceso de las ni\u00f1as y ni\u00f1os a mayores niveles de bienestar y el disfrute efectivo de los derechos de la ni\u00f1ez en un entorno arm\u00f3nico y amoroso.<\/p>\n\n\n\n<p>Durante su intervenci\u00f3n, Mariana Villamil se\u00f1al\u00f3 que el Gobierno de Yucat\u00e1n conf\u00eda en que Casa Amar \u201cser\u00e1 un pilar importante en nuestra sociedad, privilegiando el bienestar de ni\u00f1as y ni\u00f1os. Por lo cual -apunt\u00f3- cuentan con todo el apoyo del DIF Yucat\u00e1n para continuar con su gran labor\u201d.<\/p>\n\n\n\n<p>Asimismo, la titular de la Procuradur\u00eda de la Protecci\u00f3n de Ni\u00f1as, Ni\u00f1os y Adolescentes del Estado (Prodennay), Teresita de Jes\u00fas Anguas Zapata, destac\u00f3 que \u201cla mayor belleza de Casa Amar \u201ces el amor y la voluntad de sacar adelante a las ni\u00f1as y ni\u00f1os\u201d, adem\u00e1s de los espacios que con tanta dedicaci\u00f3n han preparado para ellos.<\/p>\n\n\n\n<p>\u201cHoy empieza esta aventura que ha sido anhelada, pensada en el coraz\u00f3n de Gina Ortega Joaquin y trabajada d\u00eda a d\u00eda. Hoy nuestras ni\u00f1as y ni\u00f1os ganan con este proyecto, sigan creyendo en ellos, sigan d\u00e1ndoles voz, porque esto es lo que ellos anhelan: que alguien crea en ellos, que veamos m\u00e1s all\u00e1 de sus historias y miedos.<\/p>\n\n\n\n<p>\u201cComo dice Gina -continu\u00f3- veamos sus sonrisas y en ellas nos aferremos a saber que si es posible. El mensaje de esta casa es que \u00a1s\u00ed es posible!\u2026 hoy a trav\u00e9s de AMAR nos recuerdan a PRODENNAY la promesa de no m\u00e1s casos como el de Arturo y hoy hacemos honor a su historia y reivindicamos el camino para otros ni\u00f1os.\u201d, concluy\u00f3.<\/p>\n\n\n\n<p>En el evento estuvieron presentes Silvia Sarti, Directora del DIF Municipal, en representaci\u00f3n del Presidente Municipal Ren\u00e1n Barrera; Mario Mart\u00ednez Laviada, Oficial Mayor del H. Ayuntamiento de M\u00e9rida; Jes\u00fas Enrique Alcocer Basto, Coordinador Estatal De Protecci\u00f3n Civil; Ra\u00fal Romo T\u00e9llez, Director Ejecutivo de Fundaci\u00f3n AMAR del Sureste IAP, as\u00ed como empresarios, familiares y medios de comunicaci\u00f3n.<\/p>\n","protected":false},"excerpt":{"rendered":"<p>Inauguran Casa Amar en M\u00e9rida, la primera en Yucat\u00e1n con atenci\u00f3n integral a ni\u00f1as y ni\u00f1os sin cuidados parentales.<\/p>\n","protected":false},"author":2,"featured_media":98160,"comment_status":"open","ping_status":"open","sticky":false,"template":"","format":"standard","meta":{"jetpack_post_was_ever_published":false,"_jetpack_newsletter_access":"","_jetpack_dont_email_post_to_subs":false,"_jetpack_newsletter_tier_id":0,"_jetpack_memberships_contains_paywalled_content":false,"_jetpack_memberships_contains_paid_content":false,"footnotes":"","jetpack_publicize_message":"Inauguran Casa Amar en M\u00e9rida, la primera en Yucat\u00e1n con atenci\u00f3n integral a ni\u00f1as y ni\u00f1os sin cuidados parentales.","jetpack_publicize_feature_enabled":true,"jetpack_social_post_already_shared":true,"jetpack_social_options":{"image_generator_settings":{"template":"highway","default_image_id":0,"font":"","enabled":false},"version":2}},"categories":[14],"tags":[],"class_list":["post-98158","post","type-post","status-publish","format-standard","has-post-thumbnail","hentry","category-merida"],"jetpack_publicize_connections":[],"jetpack_featured_media_url":"https:\/\/formalprision.com\/wp-content\/uploads\/2022\/03\/C3.jpg","jetpack_sharing_enabled":true,"jetpack_shortlink":"https:\/\/wp.me\/p6id8p-pxc","_links":{"self":[{"href":"https:\/\/formalprision.com\/index.php?rest_route=\/wp\/v2\/posts\/98158","targetHints":{"allow":["GET"]}}],"collection":[{"href":"https:\/\/formalprision.com\/index.php?rest_route=\/wp\/v2\/posts"}],"about":[{"href":"https:\/\/formalprision.com\/index.php?rest_route=\/wp\/v2\/types\/post"}],"author":[{"embeddable":true,"href":"https:\/\/formalprision.com\/index.php?rest_route=\/wp\/v2\/users\/2"}],"replies":[{"embeddable":true,"href":"https:\/\/formalprision.com\/index.php?rest_route=%2Fwp%2Fv2%2Fcomments&post=98158"}],"version-history":[{"count":0,"href":"https:\/\/formalprision.com\/index.php?rest_route=\/wp\/v2\/posts\/98158\/revisions"}],"wp:featuredmedia":[{"embeddable":true,"href":"https:\/\/formalprision.com\/index.php?rest_route=\/wp\/v2\/media\/98160"}],"wp:attachment":[{"href":"https:\/\/formalprision.com\/index.php?rest_route=%2Fwp%2Fv2%2Fmedia&parent=98158"}],"wp:term":[{"taxonomy":"category","embeddable":true,"href":"https:\/\/formalprision.com\/index.php?rest_route=%2Fwp%2Fv2%2Fcategories&post=98158"},{"taxonomy":"post_tag","embeddable":true,"href":"https:\/\/formalprision.com\/index.php?rest_route=%2Fwp%2Fv2%2Ftags&post=98158"}],"curies":[{"name":"wp","href":"https:\/\/api.w.org\/{rel}","templated":true}]}}