{"id":9817,"date":"2010-05-14T05:13:00","date_gmt":"2010-05-14T05:13:00","guid":{"rendered":"http:\/\/formalprision.info\/2010\/05\/14\/consignan-pollero-detenido-en-el-centro\/"},"modified":"2015-06-03T09:02:30","modified_gmt":"2015-06-03T09:02:30","slug":"consignan-pollero-detenido-en-el-centro","status":"publish","type":"post","link":"https:\/\/formalprision.com\/?p=9817","title":{"rendered":"Consignan a pollero detenido en el centro"},"content":{"rendered":"<p>El agente del Ministerio P\u00fablico de la Federaci\u00f3n en Yucat\u00e1n consign\u00f3 ante el Juzgado Segundo de Distrito en el estado a Alejandrino Mendoza Ramiro, por su presunta responsabilidad en la comisi\u00f3n del delito violaci\u00f3n a La Ley General de Poblaci\u00f3n, en la modalidad de albergar personas extranjeras en territorio nacional con prop\u00f3sito de tr\u00e1fico y con el fin de ocultarlos para evadir la revisi\u00f3n migratoria.<br \/>De acuerdo con el expediente, Mendoza Ramiro fue sorprendido por elementos de la Secretar\u00eda de Seguridad P\u00fablica del estado en el Hotel M\u00e9xico, ubicado en la calle 60 por 65 y 67 del Centro de la ciudad de M\u00e9rida, donde se encontraban cinco personas indocumentadas procedentes de Honduras, Sri Lanka y China, quienes no pudieron acreditar su estancia legal en el pa\u00eds.<br \/>Por ello, el indiciado fue puesto a disposici\u00f3n del Fiscal Federal quien inici\u00f3 la averiguaci\u00f3n previa AP\/PGR\/YUC\/MER-II\/160\/2010 y dentro del t\u00e9rmino constitucional fue consignado dej\u00e1ndolo a disposici\u00f3n del Juez para los efectos legales correspondientes, mientras que los indocumentados que ten\u00edan como finalidad internarse en los Estados Unidos, fueron remitidos al Instituto Nacional de Migraci\u00f3n del estado para ser repatriados.<\/p>\n","protected":false},"excerpt":{"rendered":"<p>El agente del Ministerio P\u00fablico de la Federaci\u00f3n en Yucat\u00e1n consign\u00f3 ante el Juzgado Segundo de Distrito en el estado a Alejandrino Mendoza Ramiro, por su presunta responsabilidad en la<\/p>\n","protected":false},"author":1,"featured_media":0,"comment_status":"open","ping_status":"open","sticky":false,"template":"","format":"standard","meta":{"jetpack_post_was_ever_published":false,"_jetpack_newsletter_access":"","_jetpack_dont_email_post_to_subs":false,"_jetpack_newsletter_tier_id":0,"_jetpack_memberships_contains_paywalled_content":false,"_jetpack_memberships_contains_paid_content":false,"footnotes":"","jetpack_publicize_message":"","jetpack_publicize_feature_enabled":true,"jetpack_social_post_already_shared":false,"jetpack_social_options":{"image_generator_settings":{"template":"highway","default_image_id":0,"font":"","enabled":false},"version":2}},"categories":[1,49],"tags":[],"class_list":["post-9817","post","type-post","status-publish","format-standard","hentry","category-sin-categoria","category-tocho-morocho"],"jetpack_publicize_connections":[],"jetpack_featured_media_url":"","jetpack_sharing_enabled":true,"jetpack_shortlink":"https:\/\/wp.me\/p6id8p-2yl","_links":{"self":[{"href":"https:\/\/formalprision.com\/index.php?rest_route=\/wp\/v2\/posts\/9817","targetHints":{"allow":["GET"]}}],"collection":[{"href":"https:\/\/formalprision.com\/index.php?rest_route=\/wp\/v2\/posts"}],"about":[{"href":"https:\/\/formalprision.com\/index.php?rest_route=\/wp\/v2\/types\/post"}],"author":[{"embeddable":true,"href":"https:\/\/formalprision.com\/index.php?rest_route=\/wp\/v2\/users\/1"}],"replies":[{"embeddable":true,"href":"https:\/\/formalprision.com\/index.php?rest_route=%2Fwp%2Fv2%2Fcomments&post=9817"}],"version-history":[{"count":0,"href":"https:\/\/formalprision.com\/index.php?rest_route=\/wp\/v2\/posts\/9817\/revisions"}],"wp:attachment":[{"href":"https:\/\/formalprision.com\/index.php?rest_route=%2Fwp%2Fv2%2Fmedia&parent=9817"}],"wp:term":[{"taxonomy":"category","embeddable":true,"href":"https:\/\/formalprision.com\/index.php?rest_route=%2Fwp%2Fv2%2Fcategories&post=9817"},{"taxonomy":"post_tag","embeddable":true,"href":"https:\/\/formalprision.com\/index.php?rest_route=%2Fwp%2Fv2%2Ftags&post=9817"}],"curies":[{"name":"wp","href":"https:\/\/api.w.org\/{rel}","templated":true}]}}