{"id":98171,"date":"2022-03-31T23:15:35","date_gmt":"2022-04-01T04:15:35","guid":{"rendered":"http:\/\/formalprision.com\/?p=98171"},"modified":"2022-03-31T23:15:35","modified_gmt":"2022-04-01T04:15:35","slug":"expone-mauricio-vila-trabajo-en-equipo-de-los-yucatecos-para-desarrollar-el-estado","status":"publish","type":"post","link":"https:\/\/formalprision.com\/?p=98171","title":{"rendered":"Expone Mauricio Vila trabajo en equipo de los yucatecos para desarrollar el estado"},"content":{"rendered":"\n<p>Ciudad de M\u00e9xico, 31 de marzo de 2022.- Ante estudiantes de la preparatoria Universidad Panamericana, el gobernador Mauricio Vila Dosal expuso el panorama que se vive en Yucat\u00e1n, as\u00ed como el trabajo en equipo que los yucatecos hemos realizado en los primeros tres a\u00f1os de su administraci\u00f3n para mejorar las oportunidades y la calidad de vida de las familias de la entidad.<\/p>\n\n\n\n<p>En el marco de la edici\u00f3n 14 del Congreso de los J\u00f3venes, que organiza la Asociaci\u00f3n de alumnos de plantel \u201cNueva realidad, nueva oportunidad\u00bb, Vila Dosal comparti\u00f3 al alumnado las principales pol\u00edticas p\u00fablicas y estrategias que han permitido al estado salir adelante y recuperarse de los estragos que dejaron la pandemia del Coronavirus y la llegada de fen\u00f3menos naturales.<\/p>\n\n\n\n<p>El gobernador, acompa\u00f1ado del presidente de este encuentro, Olegario V\u00e1zquez Garza, dio a conocer las ventajas competitivas con que cuenta Yucat\u00e1n y lo que se est\u00e1 realizando para mantenerlo como un lugar ideal para vivir y atraer inversiones, que generen m\u00e1s y mejores empleos en favor de las familias.<\/p>\n\n\n\n<p>Al hablar sobre la recuperaci\u00f3n econ\u00f3mica que se dio en la entidad, afirm\u00f3 que se est\u00e1n haciendo importantes esfuerzos para propiciar las condiciones id\u00f3neas para que cada vez m\u00e1s firmas vengan a invertir al estado, generando fuentes de trabajo y bienestar para la gente, lo que ha hecho del estado un lugar ideal para hacer negocios .<\/p>\n\n\n\n<p>En ese sentido, les dijo, en Yucat\u00e1n ya se tiene m\u00e1s de 100,000 millones de pesos en inversiones de&nbsp; &nbsp;de compa\u00f1\u00edas importantes, como Amazon, Accenture, Fincantieri, Tesla y el Estadio Sostenible de Yucat\u00e1n.<\/p>\n\n\n\n<p>En presencia de la alcaldesa de Huixquilucan, Estado de M\u00e9xico, Romina Contreras Carrasco, el gobernador indic\u00f3 que muestra de la importante din\u00e1mica que se tiene en el estado, se super\u00f3 el n\u00famero de empleos que se perdieron a causa de la crisis por la contingencia; se tiene un nuevo m\u00e1ximo de gente registrada ante el Instituto Mexicano del Seguro Social, con 397,354 personas aseguradas a diciembre de 2021; siendo el estado con menor tasa de desempleo, y en el tercer trimestre del a\u00f1o pasado, se registr\u00f3 un crecimiento de 8.5%, superior al nacional, de 5.6% seg\u00fan el Instituto de Estad\u00edstica y Geograf\u00eda (Inegi).<\/p>\n\n\n\n<p>Por otra parte, destac\u00f3 que la paz y tranquilidad que caracteriza a la entidad son una importante bondad y por ello, se est\u00e1 apostando por la adquisici\u00f3n de nuevas tecnolog\u00edas para fortalecer la videovigilancia, y mejorar la coordinaci\u00f3n y pronta respuesta de la Polic\u00eda estatal, a trav\u00e9s del esquema Yucat\u00e1n Seguro.<\/p>\n\n\n\n<p>Convencido de que mejorando las condiciones de vida de los elementos y cubriendo sus necesidades b\u00e1sicas se les incentiva a perdurar en su carrera, Vila Dosal se\u00f1al\u00f3 que se implement\u00f3 un plan especial, que convirti\u00f3 a la entidad en la \u00fanica&nbsp; donde este sector puede acceder a cr\u00e9ditos del Instituto del Fondo Nacional de Vivienda de los Trabajadores (Infonavit), y se otorga a sus hijos becas del 100% de inscripci\u00f3n y colegiatura, con un apoyo bimestral de 1,600 pesos, si demuestran su admisi\u00f3n a cualquier universidad privada o p\u00fablica.<\/p>\n\n\n\n<p>Tambi\u00e9n&nbsp; expuso los principales atractivos tur\u00edsticos locales e invit\u00f3 a visitar Yucat\u00e1n, ya que alberga 2 patrimonios de la humanidad, m\u00e1s de 3 mil cenotes y 300 haciendas, as\u00ed como 4 pueblos m\u00e1gicos; adem\u00e1s que cuenta con 368 kil\u00f3metros de costa.<\/p>\n\n\n\n<p>Finalmente, Vila Dosal hizo un recuento de las acciones emprendidas en&nbsp; salud, turismo, movilidad, sustentabilidad, infraestructura, inversiones y transporte, entre otros rubros.<\/p>\n","protected":false},"excerpt":{"rendered":"<p>Ciudad de M\u00e9xico, 31 de marzo de 2022.- Ante estudiantes de la preparatoria Universidad Panamericana, el gobernador Mauricio Vila Dosal expuso el panorama que se vive en Yucat\u00e1n, as\u00ed como<\/p>\n","protected":false},"author":1,"featured_media":98172,"comment_status":"open","ping_status":"open","sticky":false,"template":"","format":"standard","meta":{"jetpack_post_was_ever_published":false,"_jetpack_newsletter_access":"","_jetpack_dont_email_post_to_subs":false,"_jetpack_newsletter_tier_id":0,"_jetpack_memberships_contains_paywalled_content":false,"_jetpack_memberships_contains_paid_content":false,"footnotes":"","jetpack_publicize_message":"Al dar una ponencia durante el Congreso de los J\u00f3venes de la Asociaci\u00f3n de alumnos de plantel \u201cNueva realidad, nueva oportunidad\u201d, el gobernador expuso el panorama de Yucat\u00e1n.","jetpack_publicize_feature_enabled":true,"jetpack_social_post_already_shared":true,"jetpack_social_options":{"image_generator_settings":{"template":"highway","default_image_id":0,"font":"","enabled":false},"version":2}},"categories":[17],"tags":[],"class_list":["post-98171","post","type-post","status-publish","format-standard","has-post-thumbnail","hentry","category-politica-y-gobierno"],"jetpack_publicize_connections":[],"jetpack_featured_media_url":"https:\/\/formalprision.com\/wp-content\/uploads\/2022\/03\/IMG-20220331-WA0084.jpg","jetpack_sharing_enabled":true,"jetpack_shortlink":"https:\/\/wp.me\/p6id8p-pxp","_links":{"self":[{"href":"https:\/\/formalprision.com\/index.php?rest_route=\/wp\/v2\/posts\/98171","targetHints":{"allow":["GET"]}}],"collection":[{"href":"https:\/\/formalprision.com\/index.php?rest_route=\/wp\/v2\/posts"}],"about":[{"href":"https:\/\/formalprision.com\/index.php?rest_route=\/wp\/v2\/types\/post"}],"author":[{"embeddable":true,"href":"https:\/\/formalprision.com\/index.php?rest_route=\/wp\/v2\/users\/1"}],"replies":[{"embeddable":true,"href":"https:\/\/formalprision.com\/index.php?rest_route=%2Fwp%2Fv2%2Fcomments&post=98171"}],"version-history":[{"count":0,"href":"https:\/\/formalprision.com\/index.php?rest_route=\/wp\/v2\/posts\/98171\/revisions"}],"wp:featuredmedia":[{"embeddable":true,"href":"https:\/\/formalprision.com\/index.php?rest_route=\/wp\/v2\/media\/98172"}],"wp:attachment":[{"href":"https:\/\/formalprision.com\/index.php?rest_route=%2Fwp%2Fv2%2Fmedia&parent=98171"}],"wp:term":[{"taxonomy":"category","embeddable":true,"href":"https:\/\/formalprision.com\/index.php?rest_route=%2Fwp%2Fv2%2Fcategories&post=98171"},{"taxonomy":"post_tag","embeddable":true,"href":"https:\/\/formalprision.com\/index.php?rest_route=%2Fwp%2Fv2%2Ftags&post=98171"}],"curies":[{"name":"wp","href":"https:\/\/api.w.org\/{rel}","templated":true}]}}