{"id":98184,"date":"2022-04-01T13:01:09","date_gmt":"2022-04-01T18:01:09","guid":{"rendered":"http:\/\/formalprision.com\/?p=98184"},"modified":"2022-04-02T12:03:30","modified_gmt":"2022-04-02T17:03:30","slug":"uruguay-quiere-ser-sede-del-mundial-en-2030-para-festejar-el-centenario-de-la-copa","status":"publish","type":"post","link":"https:\/\/formalprision.com\/?p=98184","title":{"rendered":"Uruguay quiere sede del Mundial 2030 para festejar el centenario de la Copa"},"content":{"rendered":"\n<p><em>Por GRAHAM DUNBAR<\/em><\/p>\n\n\n\n<p><strong>DOHA, Qatar (AP).\u2014&nbsp;<\/strong>Con la puja por la sede de la Copa Mundial de 2030 cobrando fuerza, los dirigentes del f\u00fatbol sudamericanos reiteraron el viernes que no desisten de una candidatura de cuatro pa\u00edses que celebrar\u00eda el centenario del torneo en su primer hogar: Uruguay.<\/p>\n\n\n\n<p>El factor emotivo de escenificar partidos del torneo de 2030 en el Estadio Centenario de Montevideo \u2014 donde se jug\u00f3 la final de 1930 que fue ganada por los anfitriones \u2014 representa una ventaja para los sudamericanos, dijo el presidente de la CONMEBOL Alejandro Dom\u00ednguez en Qatar.<\/p>\n\n\n\n<p>El sitial de Uruguay en la historia de los mundiales es tan respetado que en Europa se ha especulado que la candidutura conjunta de Espa\u00f1a y Portugal podr\u00eda incluir partidos en el pa\u00eds sudamericano.<\/p>\n\n\n\n<p>\u201cEl Centenario es un lujo en la historia (del Mundial) y representa algo grande en la historia del f\u00fatbol\u201d, se\u00f1al\u00f3 Dom\u00ednguez en una rueda de prensa tras ser reelegido en el cargo en Doha.<\/p>\n\n\n\n<p>\u201cNosotros aspiramos a que se haga todo el Mundial en Sudam\u00e9rica, los cuatros pa\u00edses Uruguay, Argentina, Paraguay y Chile, para poder presentar una candidatura conjunta\u201d, dijo el dirigente paraguayo. \u201cLas condiciones est\u00e1n dadas para que se pueda hacer un Mundial en Sudam\u00e9rica\u201d.<\/p>\n\n\n\n<p>La intenci\u00f3n de una Copa Mundial en los cuatro pa\u00edses del Cono Sur empez\u00f3 a sonar en 2017.<\/p>\n\n\n\n<p>El \u00faltimo Mundial en Sudam\u00e9rica fue el de Brasil 2014.<\/p>\n\n\n\n<p>\u201cNo solo qui\u00e9n tiene estadios m\u00e1s lujosos sino otros factores que estamos seguros nadie nos puede igualar\u201d, dijo Dom\u00ednguez. \u201cSi lo hacemos bien, hay una deuda moral con la historia que se tiene que pagar y eso significar\u00eda que el Mundial vuelve a Sudam\u00e9rica. La historia empez\u00f3 ah\u00ed, hay un tributo que se tiene que pagar\u201d.<\/p>\n\n\n\n<figure class=\"wp-block-image\"><img decoding=\"async\" src=\"https:\/\/elchismografoenlared.com\/wp-content\/uploads\/2022\/04\/uru1.jpeg\" alt=\"\" class=\"wp-image-8970\" \/><figcaption>Hinchas de Uruguay encienden sus tel\u00e9fonos durante el partido contra Per\u00fa por las eliminatorias del Mundial, en el estadio Centenario de Montevideo, el 24 de marzo de 2022. (AP Foto\/Matilde Campod\u00f3nico, Pool)<\/figcaption><\/figure>\n\n\n\n<p>La FIFA contempla que 2024 sea el a\u00f1o para definir el anfitri\u00f3n en 2030 \u2014 12 a\u00f1os despu\u00e9s del \u00faltimo en Europa, en Rusia. Qatar organiza la cita de 2022, mientras que Estados Unidos, Canad\u00e1 y M\u00e9xico montar\u00e1n el torneo de 2026.<\/p>\n\n\n\n<p>Europa nunca ha pasado tres torneos seguidos sin tener una sede, y los contratos audiovisuales del continente constituyen una importante tajada de los ingresos que la FIFA saca de los mundiales.<\/p>\n\n\n\n<p>Sin embargo, las buenas relaciones entre Dom\u00ednguez y su contraparte de la UEFA Aleksander Ceferin alimentan las conjeturas de que los dos continentes m\u00e1s poderosos del f\u00fatbol cooperen entre s\u00ed por una sede del Mundial.<\/p>\n\n\n\n<p>\u201cEn alg\u00fan momento vamos a hablar sobre 2030\u201d, dijo Dom\u00ednguez, quien tiene previsto viajar de Qatar a Londres, donde la UEFA y la CONMEBOL comparten una oficina. Ser\u00e1 abierta formalmente el lunes.<\/p>\n\n\n\n<p>La intenci\u00f3n oficial de Sudam\u00e9rica se mantiene firme con una candidatura propia, dijo el presidente de la Asociaci\u00f3n Uruguaya de F\u00fatbol, Ignacio Alonso.<\/p>\n\n\n\n<p>\u201cNo s\u00e9 de d\u00f3nde sali\u00f3 eso\u201d, dijo Alonso al referirse a un posible acuerdo con Espa\u00f1a y Portugal, cuyos m\u00e1ximos dirigentes acudieron al Congreso de la CONMEBOL el viernes. \u201cLa idea original es de cuatro pa\u00edses (sudamericanos) y 18 estadios, con el Centenario como el estadio de la final\u201d.<\/p>\n\n\n\n<p>La expansi\u00f3n del Mundial a 48 equipos \u2014 con 80 partidos en vez de los 64 que tendr\u00e1 Qatar este a\u00f1o \u2014 abre las puertas para las candidaturas conjuntas. La edici\u00f3n de 2002 en Jap\u00f3n y Corea del Sur ha sido la \u00fanica con dos anfitriones.<\/p>\n\n\n\n<p>El primer certamen con 48 equipos se escenificar\u00e1 en 2026, factor que podr\u00eda ir en contra de un torneo plenamente sudamericano en 2030.<\/p>\n\n\n\n<p>La FIFA nunca ha escenificado mundiales seguidos en franjas horarias de las Am\u00e9ricas.<\/p>\n\n\n\n<p>China ser\u00e1 sede de la Copa de Asia en 2023, pero no parece dispuesta a lanzar una candidatura por el Mundial de 2030. Arabia Saud\u00ed quiere organizar la Copa de Asia 2027, en una puja que incluye a Qatar, y tiene una clara ambici\u00f3n de recibir m\u00e1s competencias deportivas internacionales.<\/p>\n","protected":false},"excerpt":{"rendered":"<p>Por GRAHAM DUNBAR DOHA, Qatar (AP).\u2014&nbsp;Con la puja por la sede de la Copa Mundial de 2030 cobrando fuerza, los dirigentes del f\u00fatbol sudamericanos reiteraron el viernes que no desisten<\/p>\n","protected":false},"author":2,"featured_media":98186,"comment_status":"open","ping_status":"open","sticky":false,"template":"","format":"standard","meta":{"jetpack_post_was_ever_published":false,"_jetpack_newsletter_access":"","_jetpack_dont_email_post_to_subs":false,"_jetpack_newsletter_tier_id":0,"_jetpack_memberships_contains_paywalled_content":false,"_jetpack_memberships_contains_paid_content":false,"footnotes":"","jetpack_publicize_message":"Sudam\u00e9rica quiere la sede del Mundial 2030, con el Estadio Centenario de Montevideo como baluarte: 'La historia empez\u00f3 ah\u00ed, hay un tributo que se tiene que pagar'.","jetpack_publicize_feature_enabled":true,"jetpack_social_post_already_shared":true,"jetpack_social_options":{"image_generator_settings":{"template":"highway","default_image_id":0,"font":"","enabled":false},"version":2}},"categories":[4],"tags":[],"class_list":["post-98184","post","type-post","status-publish","format-standard","has-post-thumbnail","hentry","category-deportes"],"jetpack_publicize_connections":[],"jetpack_featured_media_url":"https:\/\/formalprision.com\/wp-content\/uploads\/2022\/04\/uru.jpeg","jetpack_sharing_enabled":true,"jetpack_shortlink":"https:\/\/wp.me\/p6id8p-pxC","_links":{"self":[{"href":"https:\/\/formalprision.com\/index.php?rest_route=\/wp\/v2\/posts\/98184","targetHints":{"allow":["GET"]}}],"collection":[{"href":"https:\/\/formalprision.com\/index.php?rest_route=\/wp\/v2\/posts"}],"about":[{"href":"https:\/\/formalprision.com\/index.php?rest_route=\/wp\/v2\/types\/post"}],"author":[{"embeddable":true,"href":"https:\/\/formalprision.com\/index.php?rest_route=\/wp\/v2\/users\/2"}],"replies":[{"embeddable":true,"href":"https:\/\/formalprision.com\/index.php?rest_route=%2Fwp%2Fv2%2Fcomments&post=98184"}],"version-history":[{"count":0,"href":"https:\/\/formalprision.com\/index.php?rest_route=\/wp\/v2\/posts\/98184\/revisions"}],"wp:featuredmedia":[{"embeddable":true,"href":"https:\/\/formalprision.com\/index.php?rest_route=\/wp\/v2\/media\/98186"}],"wp:attachment":[{"href":"https:\/\/formalprision.com\/index.php?rest_route=%2Fwp%2Fv2%2Fmedia&parent=98184"}],"wp:term":[{"taxonomy":"category","embeddable":true,"href":"https:\/\/formalprision.com\/index.php?rest_route=%2Fwp%2Fv2%2Fcategories&post=98184"},{"taxonomy":"post_tag","embeddable":true,"href":"https:\/\/formalprision.com\/index.php?rest_route=%2Fwp%2Fv2%2Ftags&post=98184"}],"curies":[{"name":"wp","href":"https:\/\/api.w.org\/{rel}","templated":true}]}}