{"id":9828,"date":"2010-05-12T03:43:00","date_gmt":"2010-05-12T03:43:00","guid":{"rendered":"http:\/\/formalprision.info\/2010\/05\/12\/gobierno-le-tira-duro-y-la-cabeza-al-pan\/"},"modified":"2015-06-03T09:02:31","modified_gmt":"2015-06-03T09:02:31","slug":"gobierno-le-tira-duro-y-la-cabeza-al-pan","status":"publish","type":"post","link":"https:\/\/formalprision.com\/?p=9828","title":{"rendered":"Gobierno le tira duro y a la cabeza al PAN"},"content":{"rendered":"<p><a href=\"http:\/\/4.bp.blogspot.com\/_QwiJz8zwaOw\/S-oung3Rm4I\/AAAAAAAAAeI\/4Has7846dlA\/s1600\/panuchos.jpg\"><img decoding=\"async\" id=\"BLOGGER_PHOTO_ID_5470235953766439810\" style=\"FLOAT: left; MARGIN: 0px 10px 10px 0px; WIDTH: 320px; CURSOR: hand; HEIGHT: 214px\" alt=\"\" src=\"http:\/\/formalprision.com\/wp-content\/uploads\/2010\/05\/panuchos.jpg\" border=\"0\" \/><\/a><\/p>\n<div><\/p>\n<div>La Procuradur\u00eda de Justicia del Estado de Yucat\u00e1n revel\u00f3 que el panista Luis Montoya Mart\u00ednez operaba al grrupo de supuestos desestabilizadores panistas detenidos reci\u00e9ntemente.<\/div>\n<p><\/p>\n<div>Tambi\u00e9n se involucra a Silvia P\u00e9rez Ceballos, diputada federal por el Distrito 22 del DF y Beatriz Collado Lara, ex legisladora por Tamaulipas,.<\/div>\n<p><\/p>\n<div>Montoya Mart\u00ednez es coordinador de la campa\u00f1a de la candidata a la alcald\u00eda de M\u00e9rida, Beatriz Zavala Peniche.<br \/>Los presuntos desestabilizadores ya fueron arraigados y ahora ser\u00e1n citados a declarar el propio Montoya y otros dirigentes panistas locales.<\/div>\n<p><\/p>\n<div>El procurador H\u00e9ctor Cabrera Rivero dijo que se obtuvo del Juzgado Octavo de Defensa Social los \u00f3rdenes de arraigo contra los siete detenidos y ahora se integrar\u00e1 el expediente para determinar si hay m\u00e1s implicados y los delitos que estar\u00eda cometiendo este grupo de choque.<\/div>\n<p><\/p>\n<div>Se se\u00f1ala como cabecilla del grupo a Hugo Enrique Caballero Rodr\u00edguez, miembro activo del PAN, en la Delegaci\u00f3n Gustavo A. Madero del DF.<\/div>\n<p><\/p>\n<div>El dijo que fueron tra\u00eddos a M\u00e9rida para formar un \u00abgrupo de choque\u00bb que operar\u00eda el pr\u00f3ximo domingo 16 de mayo, d\u00eda de la jornada electoral.<\/div>\n<p><\/p>\n<div>Cuando lleg\u00f3 se entrevist\u00f3 con Luis Montoya, quien le entreg\u00f3 12 mil pesos en efectivo por concepto de vi\u00e1ticos y un autom\u00f3vil Tsuru con placas de circulaci\u00f3n YZE-2758, que tiene reporte de robo.<\/div>\n<p><\/p>\n<div>Los otros dos veh\u00edculos con los que se transportaban les fueron entregados por una mujer de nombre Luz Thelma Ram\u00edrez Salgado, quien los hab\u00eda rentado en la empresa Europcar en las oficinas que esta tiene en el aeropuerto de M\u00e9rida.<br \/>El l\u00edder de los detenidos asegur\u00f3 que mantuvo comunicaci\u00f3n constante con Luis Montoya a trav\u00e9s de un radio de la compa\u00f1\u00eda Nextel. <\/div>\n<\/div>\n","protected":false},"excerpt":{"rendered":"<p>La Procuradur\u00eda de Justicia del Estado de Yucat\u00e1n revel\u00f3 que el panista Luis Montoya Mart\u00ednez operaba al grrupo de supuestos desestabilizadores panistas detenidos reci\u00e9ntemente. Tambi\u00e9n se involucra a Silvia P\u00e9rez<\/p>\n","protected":false},"author":1,"featured_media":29369,"comment_status":"open","ping_status":"open","sticky":false,"template":"","format":"standard","meta":{"jetpack_post_was_ever_published":false,"_jetpack_newsletter_access":"","_jetpack_dont_email_post_to_subs":false,"_jetpack_newsletter_tier_id":0,"_jetpack_memberships_contains_paywalled_content":false,"_jetpack_memberships_contains_paid_content":false,"footnotes":"","jetpack_publicize_message":"","jetpack_publicize_feature_enabled":true,"jetpack_social_post_already_shared":false,"jetpack_social_options":{"image_generator_settings":{"template":"highway","default_image_id":0,"font":"","enabled":false},"version":2}},"categories":[1,49],"tags":[],"class_list":["post-9828","post","type-post","status-publish","format-standard","has-post-thumbnail","hentry","category-sin-categoria","category-tocho-morocho"],"jetpack_publicize_connections":[],"jetpack_featured_media_url":"https:\/\/formalprision.com\/wp-content\/uploads\/2010\/05\/panuchos.jpg","jetpack_sharing_enabled":true,"jetpack_shortlink":"https:\/\/wp.me\/p6id8p-2yw","_links":{"self":[{"href":"https:\/\/formalprision.com\/index.php?rest_route=\/wp\/v2\/posts\/9828","targetHints":{"allow":["GET"]}}],"collection":[{"href":"https:\/\/formalprision.com\/index.php?rest_route=\/wp\/v2\/posts"}],"about":[{"href":"https:\/\/formalprision.com\/index.php?rest_route=\/wp\/v2\/types\/post"}],"author":[{"embeddable":true,"href":"https:\/\/formalprision.com\/index.php?rest_route=\/wp\/v2\/users\/1"}],"replies":[{"embeddable":true,"href":"https:\/\/formalprision.com\/index.php?rest_route=%2Fwp%2Fv2%2Fcomments&post=9828"}],"version-history":[{"count":0,"href":"https:\/\/formalprision.com\/index.php?rest_route=\/wp\/v2\/posts\/9828\/revisions"}],"wp:featuredmedia":[{"embeddable":true,"href":"https:\/\/formalprision.com\/index.php?rest_route=\/wp\/v2\/media\/29369"}],"wp:attachment":[{"href":"https:\/\/formalprision.com\/index.php?rest_route=%2Fwp%2Fv2%2Fmedia&parent=9828"}],"wp:term":[{"taxonomy":"category","embeddable":true,"href":"https:\/\/formalprision.com\/index.php?rest_route=%2Fwp%2Fv2%2Fcategories&post=9828"},{"taxonomy":"post_tag","embeddable":true,"href":"https:\/\/formalprision.com\/index.php?rest_route=%2Fwp%2Fv2%2Ftags&post=9828"}],"curies":[{"name":"wp","href":"https:\/\/api.w.org\/{rel}","templated":true}]}}