{"id":9835,"date":"2010-05-10T16:38:00","date_gmt":"2010-05-10T16:38:00","guid":{"rendered":"http:\/\/formalprision.info\/2010\/05\/10\/declaran-los-panistas\/"},"modified":"2015-06-03T09:02:32","modified_gmt":"2015-06-03T09:02:32","slug":"declaran-los-panistas","status":"publish","type":"post","link":"https:\/\/formalprision.com\/?p=9835","title":{"rendered":"Declaran los &quot;desestabilizadores panistas&quot;"},"content":{"rendered":"<p><a href=\"http:\/\/3.bp.blogspot.com\/_QwiJz8zwaOw\/S-g3XW7v6gI\/AAAAAAAAAco\/EGzSH9Cm56I\/s1600\/choq%5B1%5D.jpg\"><img decoding=\"async\" id=\"BLOGGER_PHOTO_ID_5469682621874170370\" style=\"FLOAT: left; MARGIN: 0px 10px 10px 0px; WIDTH: 252px; CURSOR: hand; HEIGHT: 159px\" alt=\"\" src=\"http:\/\/formalprision.com\/wp-content\/uploads\/2010\/05\/choq11.jpg\" border=\"0\" \/><\/a><\/p>\n<div>Esta ma\u00f1ana fueron remitidos al Ministerio P\u00fablico los v\u00e1ndalos presuntamente contratados en el Distrito Federal por el Partido Acci\u00f3n Nacional, con la intenci\u00f3n de \u00abviolentar\u00bb el proceso electoral local.<br \/>Los detenidos declaran sobre las actividades que realizaban en M\u00e9rida y sobre la agresi\u00f3n de la que fue victima en d\u00edas pasados el dip\u00fatado pri\u00edsta Ismael Peraza Valdez.<br \/>El grupo de choque fue detenido en las inmediaciones de la comisar\u00eda de Komchen a las 22:00 del s\u00e1bado, a ra\u00edz de una denuncia an\u00f3nima que recibi\u00f3 la polic\u00eda en el tel\u00e9fono de emergencias.<\/div>\n<p><\/p>\n<div>Los detenidos consignados son Sergio Iv\u00e1n P\u00e9rez Mijangos, de 25 a\u00f1os de edad del D.F.; Manuel Jes\u00fas Rubio Arcila de 18 a\u00f1os de edad de M\u00e9rida, Yucat\u00e1n; Michel Caballero Rodr\u00edguez de 24 a\u00f1os de edad y del D.F.; Yoav Rodr\u00edguez Torres de 28 a\u00f1os de edad y del D.F.; Jos\u00e9 Antonio Delgado Reyes de 48 a\u00f1os de edad del D.F y Jos\u00e9 Francisco \u00c1vila L\u00f3pez, de 34 a\u00f1os de edad originarios de M\u00e9rida.<br \/>Fueron llevados a la Procuradur\u00eda en los primeras horas de hoy y en estos momentos rinden su declaraci\u00f3n ministerial.<\/div>\n<p><\/p>\n<div> <\/div>\n","protected":false},"excerpt":{"rendered":"<p>Esta ma\u00f1ana fueron remitidos al Ministerio P\u00fablico los v\u00e1ndalos presuntamente contratados en el Distrito Federal por el Partido Acci\u00f3n Nacional, con la intenci\u00f3n de \u00abviolentar\u00bb el proceso electoral local.Los detenidos<\/p>\n","protected":false},"author":1,"featured_media":29382,"comment_status":"open","ping_status":"open","sticky":false,"template":"","format":"standard","meta":{"jetpack_post_was_ever_published":false,"_jetpack_newsletter_access":"","_jetpack_dont_email_post_to_subs":false,"_jetpack_newsletter_tier_id":0,"_jetpack_memberships_contains_paywalled_content":false,"_jetpack_memberships_contains_paid_content":false,"footnotes":"","jetpack_publicize_message":"","jetpack_publicize_feature_enabled":true,"jetpack_social_post_already_shared":false,"jetpack_social_options":{"image_generator_settings":{"template":"highway","default_image_id":0,"font":"","enabled":false},"version":2}},"categories":[1,49],"tags":[],"class_list":["post-9835","post","type-post","status-publish","format-standard","has-post-thumbnail","hentry","category-sin-categoria","category-tocho-morocho"],"jetpack_publicize_connections":[],"jetpack_featured_media_url":"https:\/\/formalprision.com\/wp-content\/uploads\/2010\/05\/choq11.jpg","jetpack_sharing_enabled":true,"jetpack_shortlink":"https:\/\/wp.me\/p6id8p-2yD","_links":{"self":[{"href":"https:\/\/formalprision.com\/index.php?rest_route=\/wp\/v2\/posts\/9835","targetHints":{"allow":["GET"]}}],"collection":[{"href":"https:\/\/formalprision.com\/index.php?rest_route=\/wp\/v2\/posts"}],"about":[{"href":"https:\/\/formalprision.com\/index.php?rest_route=\/wp\/v2\/types\/post"}],"author":[{"embeddable":true,"href":"https:\/\/formalprision.com\/index.php?rest_route=\/wp\/v2\/users\/1"}],"replies":[{"embeddable":true,"href":"https:\/\/formalprision.com\/index.php?rest_route=%2Fwp%2Fv2%2Fcomments&post=9835"}],"version-history":[{"count":0,"href":"https:\/\/formalprision.com\/index.php?rest_route=\/wp\/v2\/posts\/9835\/revisions"}],"wp:featuredmedia":[{"embeddable":true,"href":"https:\/\/formalprision.com\/index.php?rest_route=\/wp\/v2\/media\/29382"}],"wp:attachment":[{"href":"https:\/\/formalprision.com\/index.php?rest_route=%2Fwp%2Fv2%2Fmedia&parent=9835"}],"wp:term":[{"taxonomy":"category","embeddable":true,"href":"https:\/\/formalprision.com\/index.php?rest_route=%2Fwp%2Fv2%2Fcategories&post=9835"},{"taxonomy":"post_tag","embeddable":true,"href":"https:\/\/formalprision.com\/index.php?rest_route=%2Fwp%2Fv2%2Ftags&post=9835"}],"curies":[{"name":"wp","href":"https:\/\/api.w.org\/{rel}","templated":true}]}}