{"id":9855,"date":"2010-05-06T15:31:00","date_gmt":"2010-05-06T15:31:00","guid":{"rendered":"http:\/\/formalprision.info\/2010\/05\/06\/se-roba-un-cuchillo-para-rasurarse\/"},"modified":"2015-06-03T09:02:36","modified_gmt":"2015-06-03T09:02:36","slug":"se-roba-un-cuchillo-para-rasurarse","status":"publish","type":"post","link":"https:\/\/formalprision.com\/?p=9855","title":{"rendered":"Se roba un cuchillo para rasurarse"},"content":{"rendered":"<p><a href=\"http:\/\/3.bp.blogspot.com\/_QwiJz8zwaOw\/S-LiPC2eShI\/AAAAAAAAAag\/rsfYTasaeBk\/s1600\/Carballo_Cano_Marcelo.JPG\"><img decoding=\"async\" id=\"BLOGGER_PHOTO_ID_5468181645672466962\" style=\"FLOAT: left; MARGIN: 0px 10px 10px 0px; WIDTH: 320px; CURSOR: hand; HEIGHT: 240px\" alt=\"\" src=\"http:\/\/formalprision.com\/wp-content\/uploads\/2010\/05\/Carballo_Cano_Marcelo.jpg\" border=\"0\" \/><\/a><\/p>\n<div>Adem\u00e1s de feo, Marcelo Carballo Cano es ladr\u00f3n, pues se rob\u00f3 un cuchillo con el que seguramente pensaba asaltar a alguien o para rasurarse la barba.<\/div>\n<p><\/p>\n<div>Anoche, el sujeto se apersono al puesto de perros calientes ubicado en la calle 67 A por 62 y solicit\u00f3 que le sirvieran un hot dog bien rico.<\/div>\n<p><\/p>\n<div>En esos momentos el encargado del puesto comienza a preparar el pedido, ocasi\u00f3n que aprovecha el infractor para agarrar un cuchillo cebollero que estaba sobre el carrito y amenaza al perrero Filiberto Kant\u00fan.<\/div>\n<p><\/p>\n<div>Cinco minutos despu\u00e9s pasa por el sitio la unidad 330 y el afectado solicita ayuda a los oficiales a cargo escuchando estos la informaci\u00f3n de lo sucedido.<br \/>Con las caracter\u00edsticas proporcionadas comienzan los agentes la b\u00fasqueda de Marcelo Carballo dando con \u00e9l en la calle 69 por 62 procediendo a solicitarle no se mueva del lugar donde estaba y se pegue a la pared para ser revisado-<\/div>\n<p><\/p>\n<div>Se bajan dos uniformados de la camioneta y al catear al infractor de la ley se le encuentra entre su cintur\u00f3n el cuchillo robado.<br \/>Por lo anterior se traslado al infractor a la c\u00e1rcel para luego ser consignado al MP donde el afectado interpuso la denuncia correspondiente. <\/div>\n","protected":false},"excerpt":{"rendered":"<p>Adem\u00e1s de feo, Marcelo Carballo Cano es ladr\u00f3n, pues se rob\u00f3 un cuchillo con el que seguramente pensaba asaltar a alguien o para rasurarse la barba. Anoche, el sujeto se<\/p>\n","protected":false},"author":1,"featured_media":29419,"comment_status":"open","ping_status":"open","sticky":false,"template":"","format":"standard","meta":{"jetpack_post_was_ever_published":false,"_jetpack_newsletter_access":"","_jetpack_dont_email_post_to_subs":false,"_jetpack_newsletter_tier_id":0,"_jetpack_memberships_contains_paywalled_content":false,"_jetpack_memberships_contains_paid_content":false,"footnotes":"","jetpack_publicize_message":"","jetpack_publicize_feature_enabled":true,"jetpack_social_post_already_shared":false,"jetpack_social_options":{"image_generator_settings":{"template":"highway","default_image_id":0,"font":"","enabled":false},"version":2}},"categories":[57,1],"tags":[],"class_list":["post-9855","post","type-post","status-publish","format-standard","has-post-thumbnail","hentry","category-ratas","category-sin-categoria"],"jetpack_publicize_connections":[],"jetpack_featured_media_url":"https:\/\/formalprision.com\/wp-content\/uploads\/2010\/05\/Carballo_Cano_Marcelo.jpg","jetpack_sharing_enabled":true,"jetpack_shortlink":"https:\/\/wp.me\/p6id8p-2yX","_links":{"self":[{"href":"https:\/\/formalprision.com\/index.php?rest_route=\/wp\/v2\/posts\/9855","targetHints":{"allow":["GET"]}}],"collection":[{"href":"https:\/\/formalprision.com\/index.php?rest_route=\/wp\/v2\/posts"}],"about":[{"href":"https:\/\/formalprision.com\/index.php?rest_route=\/wp\/v2\/types\/post"}],"author":[{"embeddable":true,"href":"https:\/\/formalprision.com\/index.php?rest_route=\/wp\/v2\/users\/1"}],"replies":[{"embeddable":true,"href":"https:\/\/formalprision.com\/index.php?rest_route=%2Fwp%2Fv2%2Fcomments&post=9855"}],"version-history":[{"count":0,"href":"https:\/\/formalprision.com\/index.php?rest_route=\/wp\/v2\/posts\/9855\/revisions"}],"wp:featuredmedia":[{"embeddable":true,"href":"https:\/\/formalprision.com\/index.php?rest_route=\/wp\/v2\/media\/29419"}],"wp:attachment":[{"href":"https:\/\/formalprision.com\/index.php?rest_route=%2Fwp%2Fv2%2Fmedia&parent=9855"}],"wp:term":[{"taxonomy":"category","embeddable":true,"href":"https:\/\/formalprision.com\/index.php?rest_route=%2Fwp%2Fv2%2Fcategories&post=9855"},{"taxonomy":"post_tag","embeddable":true,"href":"https:\/\/formalprision.com\/index.php?rest_route=%2Fwp%2Fv2%2Ftags&post=9855"}],"curies":[{"name":"wp","href":"https:\/\/api.w.org\/{rel}","templated":true}]}}