{"id":9858,"date":"2010-05-05T23:17:00","date_gmt":"2010-05-05T23:17:00","guid":{"rendered":"http:\/\/formalprision.info\/2010\/05\/05\/el-diputado-habla-de-la-golpiza-video\/"},"modified":"2015-06-03T09:02:36","modified_gmt":"2015-06-03T09:02:36","slug":"el-diputado-habla-de-la-golpiza-video","status":"publish","type":"post","link":"https:\/\/formalprision.com\/?p=9858","title":{"rendered":"El diputado habla de la golpiza (V\u00cdDEO)"},"content":{"rendered":"<p><a onblur=\"try {parent.deselectBloggerImageGracefully();} catch(e) {}\" href=\"http:\/\/3.bp.blogspot.com\/_QwiJz8zwaOw\/S-H_OyrgoaI\/AAAAAAAAAaI\/8hKB6C78-Bs\/s1600\/dipt.jpg\"><img decoding=\"async\" style=\"float: left; margin: 0pt 10px 10px 0pt; cursor: pointer; width: 200px; height: 188px;\" src=\"http:\/\/formalprision.com\/wp-content\/uploads\/2010\/05\/dipt.jpg\" alt=\"\" id=\"BLOGGER_PHOTO_ID_5467932052192010658\" border=\"0\" \/><\/a>El diputado Ismael Peraza Valdez habla de la agresi\u00f3n que sufri\u00f3 este d\u00eda en la Nueva Pacabt\u00fan por dos desconocidos, presuntamente polic\u00edas judiciales.<br \/>Los agresores del diputado, quien recientemente ha sido cr\u00edtico con el gobierno del Estado, lo agarraron a batazos. El afectado responsabiliz\u00f3 a la gobernadora Ivonne Ortega Pacheco y al secretario general de gobierno, V\u00edctor S\u00e1nchez Alvarez de los hechos. A continuaci\u00f3n el v\u00eddeo. Si no puedes reproducirlo, dale click a la liga para verlo directamente en YouTube:<br \/><a href=\"http:\/\/www.youtube.com\/watch?v=owO9eM5IXww\"><br \/>VER V\u00cdDEO EN YOUTUBE (CLICK)<\/a><\/p>\n<p><\/p>\n<div style=\"text-align: center;\"><\/div>\n","protected":false},"excerpt":{"rendered":"<p>El diputado Ismael Peraza Valdez habla de la agresi\u00f3n que sufri\u00f3 este d\u00eda en la Nueva Pacabt\u00fan por dos desconocidos, presuntamente polic\u00edas judiciales.Los agresores del diputado, quien recientemente ha sido<\/p>\n","protected":false},"author":1,"featured_media":29425,"comment_status":"open","ping_status":"open","sticky":false,"template":"","format":"standard","meta":{"jetpack_post_was_ever_published":false,"_jetpack_newsletter_access":"","_jetpack_dont_email_post_to_subs":false,"_jetpack_newsletter_tier_id":0,"_jetpack_memberships_contains_paywalled_content":false,"_jetpack_memberships_contains_paid_content":false,"footnotes":"","jetpack_publicize_message":"","jetpack_publicize_feature_enabled":true,"jetpack_social_post_already_shared":false,"jetpack_social_options":{"image_generator_settings":{"template":"highway","default_image_id":0,"font":"","enabled":false},"version":2}},"categories":[1,49],"tags":[],"class_list":["post-9858","post","type-post","status-publish","format-standard","has-post-thumbnail","hentry","category-sin-categoria","category-tocho-morocho"],"jetpack_publicize_connections":[],"jetpack_featured_media_url":"https:\/\/formalprision.com\/wp-content\/uploads\/2010\/05\/dipt.jpg","jetpack_sharing_enabled":true,"jetpack_shortlink":"https:\/\/wp.me\/p6id8p-2z0","_links":{"self":[{"href":"https:\/\/formalprision.com\/index.php?rest_route=\/wp\/v2\/posts\/9858","targetHints":{"allow":["GET"]}}],"collection":[{"href":"https:\/\/formalprision.com\/index.php?rest_route=\/wp\/v2\/posts"}],"about":[{"href":"https:\/\/formalprision.com\/index.php?rest_route=\/wp\/v2\/types\/post"}],"author":[{"embeddable":true,"href":"https:\/\/formalprision.com\/index.php?rest_route=\/wp\/v2\/users\/1"}],"replies":[{"embeddable":true,"href":"https:\/\/formalprision.com\/index.php?rest_route=%2Fwp%2Fv2%2Fcomments&post=9858"}],"version-history":[{"count":0,"href":"https:\/\/formalprision.com\/index.php?rest_route=\/wp\/v2\/posts\/9858\/revisions"}],"wp:featuredmedia":[{"embeddable":true,"href":"https:\/\/formalprision.com\/index.php?rest_route=\/wp\/v2\/media\/29425"}],"wp:attachment":[{"href":"https:\/\/formalprision.com\/index.php?rest_route=%2Fwp%2Fv2%2Fmedia&parent=9858"}],"wp:term":[{"taxonomy":"category","embeddable":true,"href":"https:\/\/formalprision.com\/index.php?rest_route=%2Fwp%2Fv2%2Fcategories&post=9858"},{"taxonomy":"post_tag","embeddable":true,"href":"https:\/\/formalprision.com\/index.php?rest_route=%2Fwp%2Fv2%2Ftags&post=9858"}],"curies":[{"name":"wp","href":"https:\/\/api.w.org\/{rel}","templated":true}]}}