{"id":9876,"date":"2010-05-02T18:22:00","date_gmt":"2010-05-02T18:22:00","guid":{"rendered":"http:\/\/formalprision.info\/2010\/05\/02\/adolescente-abusa-de-una-abuelita\/"},"modified":"2015-06-03T09:02:38","modified_gmt":"2015-06-03T09:02:38","slug":"adolescente-abusa-de-una-abuelita","status":"publish","type":"post","link":"https:\/\/formalprision.com\/?p=9876","title":{"rendered":"Adolescente abusa de una abuelita"},"content":{"rendered":"<p><a href=\"http:\/\/3.bp.blogspot.com\/_QwiJz8zwaOw\/S93GomVxCMI\/AAAAAAAAAXg\/dPOYBlU0088\/s1600\/untitled.bmp\"><img decoding=\"async\" id=\"BLOGGER_PHOTO_ID_5466743923486558402\" style=\"FLOAT: left; MARGIN: 0px 10px 10px 0px; WIDTH: 284px; CURSOR: hand; HEIGHT: 213px\" alt=\"\" src=\"http:\/\/3.bp.blogspot.com\/_QwiJz8zwaOw\/S93GomVxCMI\/AAAAAAAAAXg\/dPOYBlU0088\/s320\/untitled.bmp\" border=\"0\" \/><\/a><\/p>\n<div>Agentes municipales de Izamal detuvieron esta madrugada a un jovencito de 15 a\u00f1os de edad porque supuestamente abus\u00f3 de una sexagenaria.<\/div>\n<p><\/p>\n<div>El adolescente, J.R.C.C., tambi\u00e9n golpe\u00f3 a la mujer, la se\u00f1ora M.G.C., de 60 a\u00f1os, quien termin\u00f3 en el hospital en M\u00e9rida.<\/div>\n<p><\/p>\n<div>El ataque ocurri\u00f3 despu\u00e9s de que el muchachito estuvo ingiriendo bebidas embriagantes y ya borracho se meti\u00f3 a robar a casa de la se\u00f1ora que vive junto a su casa.<\/div>\n<p><\/p>\n<div>Ella lo descubri\u00f3 y entonces \u00e9l la agredi\u00f3 y todo hace suponer que abus\u00f3 sexualmente de la sexagenaria.<\/div>\n<p><\/p>\n<div>Despu\u00e9s de que su agresor huy\u00f3, la mujer sali\u00f3 ensangrentada y pidi\u00f3 auxilio a unos vecinos, que llamaron a la polic\u00eda de Izamal para detener al adolescente, quien ya fue remitido al Ministerio P\u00fablico.<\/div>\n<p><\/p>\n<div>El ataque ocurri\u00f3 a las 2 de la madrugada, en una casa de la calle 35 entre 38 y 40, donde la afectada vive sola dese hace algunos a\u00f1os.<\/div>\n<p><\/p>\n<div><\/div>\n","protected":false},"excerpt":{"rendered":"<p>Agentes municipales de Izamal detuvieron esta madrugada a un jovencito de 15 a\u00f1os de edad porque supuestamente abus\u00f3 de una sexagenaria. El adolescente, J.R.C.C., tambi\u00e9n golpe\u00f3 a la mujer, la<\/p>\n","protected":false},"author":1,"featured_media":0,"comment_status":"open","ping_status":"open","sticky":false,"template":"","format":"standard","meta":{"jetpack_post_was_ever_published":false,"_jetpack_newsletter_access":"","_jetpack_dont_email_post_to_subs":false,"_jetpack_newsletter_tier_id":0,"_jetpack_memberships_contains_paywalled_content":false,"_jetpack_memberships_contains_paid_content":false,"footnotes":"","jetpack_publicize_message":"","jetpack_publicize_feature_enabled":true,"jetpack_social_post_already_shared":false,"jetpack_social_options":{"image_generator_settings":{"template":"highway","default_image_id":0,"font":"","enabled":false},"version":2}},"categories":[1,55],"tags":[],"class_list":["post-9876","post","type-post","status-publish","format-standard","hentry","category-sin-categoria","category-violines"],"jetpack_publicize_connections":[],"jetpack_featured_media_url":"","jetpack_sharing_enabled":true,"jetpack_shortlink":"https:\/\/wp.me\/p6id8p-2zi","_links":{"self":[{"href":"https:\/\/formalprision.com\/index.php?rest_route=\/wp\/v2\/posts\/9876","targetHints":{"allow":["GET"]}}],"collection":[{"href":"https:\/\/formalprision.com\/index.php?rest_route=\/wp\/v2\/posts"}],"about":[{"href":"https:\/\/formalprision.com\/index.php?rest_route=\/wp\/v2\/types\/post"}],"author":[{"embeddable":true,"href":"https:\/\/formalprision.com\/index.php?rest_route=\/wp\/v2\/users\/1"}],"replies":[{"embeddable":true,"href":"https:\/\/formalprision.com\/index.php?rest_route=%2Fwp%2Fv2%2Fcomments&post=9876"}],"version-history":[{"count":0,"href":"https:\/\/formalprision.com\/index.php?rest_route=\/wp\/v2\/posts\/9876\/revisions"}],"wp:attachment":[{"href":"https:\/\/formalprision.com\/index.php?rest_route=%2Fwp%2Fv2%2Fmedia&parent=9876"}],"wp:term":[{"taxonomy":"category","embeddable":true,"href":"https:\/\/formalprision.com\/index.php?rest_route=%2Fwp%2Fv2%2Fcategories&post=9876"},{"taxonomy":"post_tag","embeddable":true,"href":"https:\/\/formalprision.com\/index.php?rest_route=%2Fwp%2Fv2%2Ftags&post=9876"}],"curies":[{"name":"wp","href":"https:\/\/api.w.org\/{rel}","templated":true}]}}