{"id":9878,"date":"2010-05-02T15:53:00","date_gmt":"2010-05-02T15:53:00","guid":{"rendered":"http:\/\/formalprision.info\/2010\/05\/02\/borracho-roba-otro-borachito-dormilon\/"},"modified":"2015-06-03T09:02:38","modified_gmt":"2015-06-03T09:02:38","slug":"borracho-roba-otro-borachito-dormilon","status":"publish","type":"post","link":"https:\/\/formalprision.com\/?p=9878","title":{"rendered":"Borracho roba a otro borachito dormil\u00f3n"},"content":{"rendered":"<p><a href=\"http:\/\/1.bp.blogspot.com\/_QwiJz8zwaOw\/S92vFml_PTI\/AAAAAAAAAXQ\/pF8U8aJYOEM\/s1600\/CARDENAS_PALMA_RAFAEL.F.JPG\"><img decoding=\"async\" id=\"BLOGGER_PHOTO_ID_5466718033491737906\" style=\"float: left; margin: 0px 10px 10px 0px; width: 320px; height: 240px;\" alt=\"\" src=\"http:\/\/formalprision.com\/wp-content\/uploads\/2010\/05\/CARDENAS_PALMA_RAFAEL.F.jpg\" border=\"0\" \/><\/a><\/p>\n<div>Elementos de la Polic\u00eda Municipal de M\u00e9rida detuvieron ayer a las 23:15 horas a Rafael Alonso C\u00e1rdenas Palma, quien aprovecho que un sujeto ebrio se qued\u00f3 dormido en el centro y le rob\u00f3 su cartera.<\/div>\n<p><\/p>\n<div>Al estar realizando su labor de vigilancia, los agentes asignados a la unidad 242 pasaron por la calle 54 entre 69 y 67 y se percataron que se encontraba durmiendo, sobre la acera, Jos\u00e9 Samuel May Herrera, quien se encontraba en estado de ebriedad.<\/div>\n<p><\/p>\n<div>Lospolic\u00f1ias vieron que en esos momentos se le acerc\u00f3 C\u00e1rdenas Palma, quien meti\u00f3 sus manos en la bolsa del pantal\u00f3n de May Herrera, rob\u00e1ndole su cartera. <\/div>\n<p><\/p>\n<div>Ante tales hechos se procedi\u00f3 a la detenci\u00f3n de dicha persona, quien se encontraba en estado de ebriedad, para su traslado a la C\u00e1rcel Municipal y posterior remisi\u00f3n al Ministerio P\u00fablico.<\/div>\n<p><\/p>\n<div>Una vez que despertaron al borrach\u00edn \u00e9ste dijo que acudir\u00eda a denunciar<\/div>\n<p><\/p>\n<div><\/div>\n","protected":false},"excerpt":{"rendered":"<p>Elementos de la Polic\u00eda Municipal de M\u00e9rida detuvieron ayer a las 23:15 horas a Rafael Alonso C\u00e1rdenas Palma, quien aprovecho que un sujeto ebrio se qued\u00f3 dormido en el centro<\/p>\n","protected":false},"author":1,"featured_media":29463,"comment_status":"open","ping_status":"open","sticky":false,"template":"","format":"standard","meta":{"jetpack_post_was_ever_published":false,"_jetpack_newsletter_access":"","_jetpack_dont_email_post_to_subs":false,"_jetpack_newsletter_tier_id":0,"_jetpack_memberships_contains_paywalled_content":false,"_jetpack_memberships_contains_paid_content":false,"footnotes":"","jetpack_publicize_message":"","jetpack_publicize_feature_enabled":true,"jetpack_social_post_already_shared":false,"jetpack_social_options":{"image_generator_settings":{"template":"highway","default_image_id":0,"font":"","enabled":false},"version":2}},"categories":[50,57,1],"tags":[],"class_list":["post-9878","post","type-post","status-publish","format-standard","has-post-thumbnail","hentry","category-machines","category-ratas","category-sin-categoria"],"jetpack_publicize_connections":[],"jetpack_featured_media_url":"https:\/\/formalprision.com\/wp-content\/uploads\/2010\/05\/CARDENAS_PALMA_RAFAEL.F.jpg","jetpack_sharing_enabled":true,"jetpack_shortlink":"https:\/\/wp.me\/p6id8p-2zk","_links":{"self":[{"href":"https:\/\/formalprision.com\/index.php?rest_route=\/wp\/v2\/posts\/9878","targetHints":{"allow":["GET"]}}],"collection":[{"href":"https:\/\/formalprision.com\/index.php?rest_route=\/wp\/v2\/posts"}],"about":[{"href":"https:\/\/formalprision.com\/index.php?rest_route=\/wp\/v2\/types\/post"}],"author":[{"embeddable":true,"href":"https:\/\/formalprision.com\/index.php?rest_route=\/wp\/v2\/users\/1"}],"replies":[{"embeddable":true,"href":"https:\/\/formalprision.com\/index.php?rest_route=%2Fwp%2Fv2%2Fcomments&post=9878"}],"version-history":[{"count":0,"href":"https:\/\/formalprision.com\/index.php?rest_route=\/wp\/v2\/posts\/9878\/revisions"}],"wp:featuredmedia":[{"embeddable":true,"href":"https:\/\/formalprision.com\/index.php?rest_route=\/wp\/v2\/media\/29463"}],"wp:attachment":[{"href":"https:\/\/formalprision.com\/index.php?rest_route=%2Fwp%2Fv2%2Fmedia&parent=9878"}],"wp:term":[{"taxonomy":"category","embeddable":true,"href":"https:\/\/formalprision.com\/index.php?rest_route=%2Fwp%2Fv2%2Fcategories&post=9878"},{"taxonomy":"post_tag","embeddable":true,"href":"https:\/\/formalprision.com\/index.php?rest_route=%2Fwp%2Fv2%2Ftags&post=9878"}],"curies":[{"name":"wp","href":"https:\/\/api.w.org\/{rel}","templated":true}]}}