{"id":9879,"date":"2010-05-02T07:11:00","date_gmt":"2010-05-02T07:11:00","guid":{"rendered":"http:\/\/formalprision.info\/2010\/05\/02\/pescador-se-suicida-de-extrana-forma\/"},"modified":"2015-06-03T09:02:39","modified_gmt":"2015-06-03T09:02:39","slug":"pescador-se-suicida-de-extrana-forma","status":"publish","type":"post","link":"https:\/\/formalprision.com\/?p=9879","title":{"rendered":"Pescador se suicida de extra\u00f1a forma"},"content":{"rendered":"<p><a href=\"http:\/\/1.bp.blogspot.com\/_QwiJz8zwaOw\/S90bIBchp6I\/AAAAAAAAAXA\/Yqxvu8EXsNI\/s1600\/lancha1%5B1%5D.jpg\"><img decoding=\"async\" id=\"BLOGGER_PHOTO_ID_5466555347338635170\" style=\"FLOAT: left; MARGIN: 0px 10px 10px 0px; WIDTH: 320px; CURSOR: hand; HEIGHT: 241px\" alt=\"\" src=\"http:\/\/formalprision.com\/wp-content\/uploads\/2010\/05\/lancha11.jpg\" border=\"0\" \/><\/a><\/p>\n<div>Un pescador originario de El Cuyo fue reportado como extraviado en d\u00edas pasados, pero ayer mismo fue encontrado muerto y todo hace suponer que se suicid\u00f3.<\/div>\n<p><\/p>\n<div>El pescador Itamar Herrera Ojeda, aparentemente se priv\u00f3 de la vida en el mar, donde pas\u00f3 sus mejores momentos desde su juventud.<\/div>\n<p><\/p>\n<div>Su cuerpo fue hallado con los pies amarrados a un plomo, lo que hace suponer que el mismo se lo puso y se arroj\u00f3 al mar para morir.<\/div>\n<p><\/p>\n<div>Sus familiares creen eso porque el hombre padec\u00eda de una enfermedad que ya le imped\u00eda hacer su vida normal.<\/div>\n<p><\/p>\n<div>Adem\u00e1s se encontr\u00f3 una frase escrita en su lancha en la que el hombre informa que no se culpe a a nadie de la fatal decisi\u00f3n que tomaba.<\/div>\n<p><\/p>\n<div>Su embarcaci\u00f3n fue hallada al garete en alta mar. La lancha que se hall\u00f3 es la \u00abPepitos III\u00bb.<\/div>\n<p><\/p>\n<div>\u00abNo se culpe a nadie he decidido tomar esta decisi\u00f3n para quitarme la vida\u00bb indicaba la frase hallada en esa lancha.<\/div>\n<p><\/p>\n<div><\/div>\n","protected":false},"excerpt":{"rendered":"<p>Un pescador originario de El Cuyo fue reportado como extraviado en d\u00edas pasados, pero ayer mismo fue encontrado muerto y todo hace suponer que se suicid\u00f3. El pescador Itamar Herrera<\/p>\n","protected":false},"author":1,"featured_media":29465,"comment_status":"open","ping_status":"open","sticky":false,"template":"","format":"standard","meta":{"jetpack_post_was_ever_published":false,"_jetpack_newsletter_access":"","_jetpack_dont_email_post_to_subs":false,"_jetpack_newsletter_tier_id":0,"_jetpack_memberships_contains_paywalled_content":false,"_jetpack_memberships_contains_paid_content":false,"footnotes":"","jetpack_publicize_message":"","jetpack_publicize_feature_enabled":true,"jetpack_social_post_already_shared":false,"jetpack_social_options":{"image_generator_settings":{"template":"highway","default_image_id":0,"font":"","enabled":false},"version":2}},"categories":[1,49],"tags":[],"class_list":["post-9879","post","type-post","status-publish","format-standard","has-post-thumbnail","hentry","category-sin-categoria","category-tocho-morocho"],"jetpack_publicize_connections":[],"jetpack_featured_media_url":"https:\/\/formalprision.com\/wp-content\/uploads\/2010\/05\/lancha11.jpg","jetpack_sharing_enabled":true,"jetpack_shortlink":"https:\/\/wp.me\/p6id8p-2zl","_links":{"self":[{"href":"https:\/\/formalprision.com\/index.php?rest_route=\/wp\/v2\/posts\/9879","targetHints":{"allow":["GET"]}}],"collection":[{"href":"https:\/\/formalprision.com\/index.php?rest_route=\/wp\/v2\/posts"}],"about":[{"href":"https:\/\/formalprision.com\/index.php?rest_route=\/wp\/v2\/types\/post"}],"author":[{"embeddable":true,"href":"https:\/\/formalprision.com\/index.php?rest_route=\/wp\/v2\/users\/1"}],"replies":[{"embeddable":true,"href":"https:\/\/formalprision.com\/index.php?rest_route=%2Fwp%2Fv2%2Fcomments&post=9879"}],"version-history":[{"count":0,"href":"https:\/\/formalprision.com\/index.php?rest_route=\/wp\/v2\/posts\/9879\/revisions"}],"wp:featuredmedia":[{"embeddable":true,"href":"https:\/\/formalprision.com\/index.php?rest_route=\/wp\/v2\/media\/29465"}],"wp:attachment":[{"href":"https:\/\/formalprision.com\/index.php?rest_route=%2Fwp%2Fv2%2Fmedia&parent=9879"}],"wp:term":[{"taxonomy":"category","embeddable":true,"href":"https:\/\/formalprision.com\/index.php?rest_route=%2Fwp%2Fv2%2Fcategories&post=9879"},{"taxonomy":"post_tag","embeddable":true,"href":"https:\/\/formalprision.com\/index.php?rest_route=%2Fwp%2Fv2%2Ftags&post=9879"}],"curies":[{"name":"wp","href":"https:\/\/api.w.org\/{rel}","templated":true}]}}