{"id":9889,"date":"2010-04-30T16:43:00","date_gmt":"2010-04-30T16:43:00","guid":{"rendered":"http:\/\/formalprision.info\/2010\/04\/30\/carterista-se-cae-y-lo-detienen\/"},"modified":"2015-06-03T09:02:41","modified_gmt":"2015-06-03T09:02:41","slug":"carterista-se-cae-y-lo-detienen","status":"publish","type":"post","link":"https:\/\/formalprision.com\/?p=9889","title":{"rendered":"Carterista se cae y lo detienen"},"content":{"rendered":"<p><a href=\"http:\/\/3.bp.blogspot.com\/_QwiJz8zwaOw\/S9sKBCnxf5I\/AAAAAAAAAVg\/_HpLvP9cIfo\/s1600\/carterista.JPG\"><img decoding=\"async\" id=\"BLOGGER_PHOTO_ID_5465973585744068498\" style=\"float: left; margin: 0px 10px 10px 0px; width: 320px; height: 240px;\" alt=\"\" src=\"http:\/\/formalprision.com\/wp-content\/uploads\/2010\/04\/carterista.jpg\" border=\"0\" \/><\/a><\/p>\n<div>Elementos de la Polic\u00eda Municipal de M\u00e9rida detuvieron ayer a las 20:30 horas a Jos\u00e9 Encalada Baqueiro, un tipo que le rob\u00f3 su cartera a un veino que acudi\u00f3 a comprar al centro de M\u00e9rida.<\/p>\n<div>Los agentes polic\u00edacos se encontraban en la calle 56 por 67 y se les acerc\u00f3 Jos\u00e9 Isaias Chi Haas, quien se\u00f1al\u00f3 a Encalada y es dijo que este sujeto momentos antes se le acerc\u00f3 y le sustrajo su cartera de un r\u00e1pido movimento.<\/div>\n<p><\/p>\n<div>Al percatarse la presencia polic\u00edaca, Encalada Baqueiro se introdujo corriendo al mercado \u201cLucas de Galvez\u201d, intentando darse a la fuga, logrando su detenci\u00f3n en el \u00e1rea de verdura, cuando dicha persona se resbal\u00f3, golpe\u00e1ndose la boca con la banqueta de unos de los puestos. <\/div>\n<p><\/p>\n<div>Al detenido, quien se encontraba en estado de ebriedad, fue trasladado a la C\u00e1rcel Municipal para su posterior remisi\u00f3n al Ministerio P\u00fablico, lugar al que la parte afectada dijo acudir a interponer la denuncia correspondiente. <\/div>\n<\/div>\n","protected":false},"excerpt":{"rendered":"<p>Elementos de la Polic\u00eda Municipal de M\u00e9rida detuvieron ayer a las 20:30 horas a Jos\u00e9 Encalada Baqueiro, un tipo que le rob\u00f3 su cartera a un veino que acudi\u00f3 a<\/p>\n","protected":false},"author":1,"featured_media":29486,"comment_status":"open","ping_status":"open","sticky":false,"template":"","format":"standard","meta":{"jetpack_post_was_ever_published":false,"_jetpack_newsletter_access":"","_jetpack_dont_email_post_to_subs":false,"_jetpack_newsletter_tier_id":0,"_jetpack_memberships_contains_paywalled_content":false,"_jetpack_memberships_contains_paid_content":false,"footnotes":"","jetpack_publicize_message":"","jetpack_publicize_feature_enabled":true,"jetpack_social_post_already_shared":false,"jetpack_social_options":{"image_generator_settings":{"template":"highway","default_image_id":0,"font":"","enabled":false},"version":2}},"categories":[57,1],"tags":[],"class_list":["post-9889","post","type-post","status-publish","format-standard","has-post-thumbnail","hentry","category-ratas","category-sin-categoria"],"jetpack_publicize_connections":[],"jetpack_featured_media_url":"https:\/\/formalprision.com\/wp-content\/uploads\/2010\/04\/carterista.jpg","jetpack_sharing_enabled":true,"jetpack_shortlink":"https:\/\/wp.me\/p6id8p-2zv","_links":{"self":[{"href":"https:\/\/formalprision.com\/index.php?rest_route=\/wp\/v2\/posts\/9889","targetHints":{"allow":["GET"]}}],"collection":[{"href":"https:\/\/formalprision.com\/index.php?rest_route=\/wp\/v2\/posts"}],"about":[{"href":"https:\/\/formalprision.com\/index.php?rest_route=\/wp\/v2\/types\/post"}],"author":[{"embeddable":true,"href":"https:\/\/formalprision.com\/index.php?rest_route=\/wp\/v2\/users\/1"}],"replies":[{"embeddable":true,"href":"https:\/\/formalprision.com\/index.php?rest_route=%2Fwp%2Fv2%2Fcomments&post=9889"}],"version-history":[{"count":0,"href":"https:\/\/formalprision.com\/index.php?rest_route=\/wp\/v2\/posts\/9889\/revisions"}],"wp:featuredmedia":[{"embeddable":true,"href":"https:\/\/formalprision.com\/index.php?rest_route=\/wp\/v2\/media\/29486"}],"wp:attachment":[{"href":"https:\/\/formalprision.com\/index.php?rest_route=%2Fwp%2Fv2%2Fmedia&parent=9889"}],"wp:term":[{"taxonomy":"category","embeddable":true,"href":"https:\/\/formalprision.com\/index.php?rest_route=%2Fwp%2Fv2%2Fcategories&post=9889"},{"taxonomy":"post_tag","embeddable":true,"href":"https:\/\/formalprision.com\/index.php?rest_route=%2Fwp%2Fv2%2Ftags&post=9889"}],"curies":[{"name":"wp","href":"https:\/\/api.w.org\/{rel}","templated":true}]}}