{"id":9900,"date":"2010-04-28T04:06:00","date_gmt":"2010-04-28T04:06:00","guid":{"rendered":"http:\/\/formalprision.info\/2010\/04\/28\/tenia-500-matas-de-marihuana-en-su-patio\/"},"modified":"2015-06-03T09:02:42","modified_gmt":"2015-06-03T09:02:42","slug":"tenia-500-matas-de-marihuana-en-su-patio","status":"publish","type":"post","link":"https:\/\/formalprision.com\/?p=9900","title":{"rendered":"Ten\u00eda 500 matas de marihuana en su patio"},"content":{"rendered":"<p><a onblur=\"try {parent.deselectBloggerImageGracefully();} catch(e) {}\" href=\"http:\/\/4.bp.blogspot.com\/_QwiJz8zwaOw\/S9e1aQI9JYI\/AAAAAAAAATw\/lk7pOAVRRYA\/s1600\/moton.jpg\"><img decoding=\"async\" style=\"display: block; margin: 0px auto 10px; text-align: center; cursor: pointer; width: 400px; height: 369px;\" src=\"http:\/\/formalprision.com\/wp-content\/uploads\/2010\/04\/moton.jpg\" alt=\"\" id=\"BLOGGER_PHOTO_ID_5465036135451141506\" border=\"0\" \/><\/a><br \/>El agente del Ministerio P\u00fablico de la Federaci\u00f3n, adscrito a la subsede  del municipio de Valladolid, consign\u00f3 ante el Juez de Defensa Social del Tercer Departamento Judicial del estado, con sede en Ebt\u00fan, a Manuel Canul May por su presunta responsabilidad en la comisi\u00f3n del delito contra la salud en su modalidad de cultivo de marihuana con fines de comercio.<\/p>\n<p>De acuerdo con el expediente AP\/PGR\/YUC\/VALL\/047\/2010 elementos de la Polic\u00eda Federal en coordinaci\u00f3n con el Ej\u00e9rcito Mexicano, localizaron en la rancher\u00eda \u201cVillahermosa\u201d, ubicado en el municipio de Chichimil\u00e1, a Canul May y un cultivo de 500 plantas de marihuana, as\u00ed como 2 kilos 682 gramos 900 miligramos de la hierba en paquetes de 200 y 300 gramos.<\/p>\n<p>Por lo anterior, la droga qued\u00f3 a disposici\u00f3n del Representante Social de la Federaci\u00f3n, mientras que el indiciado fue remitido al Centro de Readaptaci\u00f3n Social de Ebt\u00fan, donde enfrenta su proceso penal.<\/p>\n","protected":false},"excerpt":{"rendered":"<p>El agente del Ministerio P\u00fablico de la Federaci\u00f3n, adscrito a la subsede del municipio de Valladolid, consign\u00f3 ante el Juez de Defensa Social del Tercer Departamento Judicial del estado, con<\/p>\n","protected":false},"author":1,"featured_media":29508,"comment_status":"open","ping_status":"open","sticky":false,"template":"","format":"standard","meta":{"jetpack_post_was_ever_published":false,"_jetpack_newsletter_access":"","_jetpack_dont_email_post_to_subs":false,"_jetpack_newsletter_tier_id":0,"_jetpack_memberships_contains_paywalled_content":false,"_jetpack_memberships_contains_paid_content":false,"footnotes":"","jetpack_publicize_message":"","jetpack_publicize_feature_enabled":true,"jetpack_social_post_already_shared":false,"jetpack_social_options":{"image_generator_settings":{"template":"highway","default_image_id":0,"font":"","enabled":false},"version":2}},"categories":[47,1],"tags":[],"class_list":["post-9900","post","type-post","status-publish","format-standard","has-post-thumbnail","hentry","category-narcos","category-sin-categoria"],"jetpack_publicize_connections":[],"jetpack_featured_media_url":"https:\/\/formalprision.com\/wp-content\/uploads\/2010\/04\/moton.jpg","jetpack_sharing_enabled":true,"jetpack_shortlink":"https:\/\/wp.me\/p6id8p-2zG","_links":{"self":[{"href":"https:\/\/formalprision.com\/index.php?rest_route=\/wp\/v2\/posts\/9900","targetHints":{"allow":["GET"]}}],"collection":[{"href":"https:\/\/formalprision.com\/index.php?rest_route=\/wp\/v2\/posts"}],"about":[{"href":"https:\/\/formalprision.com\/index.php?rest_route=\/wp\/v2\/types\/post"}],"author":[{"embeddable":true,"href":"https:\/\/formalprision.com\/index.php?rest_route=\/wp\/v2\/users\/1"}],"replies":[{"embeddable":true,"href":"https:\/\/formalprision.com\/index.php?rest_route=%2Fwp%2Fv2%2Fcomments&post=9900"}],"version-history":[{"count":0,"href":"https:\/\/formalprision.com\/index.php?rest_route=\/wp\/v2\/posts\/9900\/revisions"}],"wp:featuredmedia":[{"embeddable":true,"href":"https:\/\/formalprision.com\/index.php?rest_route=\/wp\/v2\/media\/29508"}],"wp:attachment":[{"href":"https:\/\/formalprision.com\/index.php?rest_route=%2Fwp%2Fv2%2Fmedia&parent=9900"}],"wp:term":[{"taxonomy":"category","embeddable":true,"href":"https:\/\/formalprision.com\/index.php?rest_route=%2Fwp%2Fv2%2Fcategories&post=9900"},{"taxonomy":"post_tag","embeddable":true,"href":"https:\/\/formalprision.com\/index.php?rest_route=%2Fwp%2Fv2%2Ftags&post=9900"}],"curies":[{"name":"wp","href":"https:\/\/api.w.org\/{rel}","templated":true}]}}