{"id":9907,"date":"2010-04-26T21:03:00","date_gmt":"2010-04-26T21:03:00","guid":{"rendered":"http:\/\/formalprision.info\/2010\/04\/26\/foro-especial-para-personal-de-la-pgje\/"},"modified":"2015-06-03T09:02:46","modified_gmt":"2015-06-03T09:02:46","slug":"foro-especial-para-personal-de-la-pgje","status":"publish","type":"post","link":"https:\/\/formalprision.com\/?p=9907","title":{"rendered":"Foro especial para personal de la PGJE"},"content":{"rendered":"<p><a href=\"http:\/\/3.bp.blogspot.com\/_QwiJz8zwaOw\/S9YA5oaARHI\/AAAAAAAAAS4\/Pfer3LwZzh0\/s1600\/hector.JPG\"><img decoding=\"async\" id=\"BLOGGER_PHOTO_ID_5464556187959706738\" style=\"FLOAT: left; MARGIN: 0px 10px 10px 0px; WIDTH: 320px; CURSOR: hand; HEIGHT: 214px\" alt=\"\" src=\"http:\/\/formalprision.com\/wp-content\/uploads\/2010\/04\/hector.jpg\" border=\"0\" \/><\/a><\/p>\n<div>Sigue la capacitaci\u00f3n para el personal de la Procuradur\u00eda de Justicia de Yucat\u00e1n, pues la gente que trabaja ah\u00ed hab\u00eda sido olvidada en ese aspecto en los \u00faltimos a\u00f1os.<\/div>\n<p><\/p>\n<div>Ahora se realiz\u00f3 un foro dirigido a los futuros operadores de la nueva reforma penal,.<\/div>\n<p><\/p>\n<div>Hoy por la ma\u00f1ana dio inicio un foro en el auditorio de la Universidad Modelo, al que asistieron agentes de la Polic\u00eda Judicial, Peritos Criminalistas y Agentes del Ministerio P\u00fablico.<br \/>La PGJE nos envi\u00f3 un comunicado para presumir e informar de ese foro y aqui lo transcribimos.<\/div>\n<p><\/p>\n<div>El acto estuvo presidido por el Procurador de Justicia del Estado, Lic. H\u00e9ctor Cabrera Rivero, quien agradeci\u00f3 a los asistentes por su participaci\u00f3n y por demostrar inter\u00e9s en este nuevo reto que representa el implementar el Sistema Penal Oral Acusatorio a la legislaci\u00f3n yucateca.<br \/>Esta reforma constitucional que conlleva la transformaci\u00f3n del sistema de seguridad y justicia en toda la Rep\u00fablica Mexicana, y que comenz\u00f3 en el a\u00f1o 2008, es ya una realidad en Yucat\u00e1n, observando un sistema m\u00e1s eficiente, a trav\u00e9s de los est\u00e1ndares del debido proceso y privilegiando siempre la reparaci\u00f3n del da\u00f1o a la v\u00edctima.<br \/>Asimismo se contempla un sistema m\u00e1s expedito, evitando formulismos innecesarios, y un sistema transparente en el que cualquier persona podr\u00e1 conocer la tramitaci\u00f3n y los pronunciamientos judiciales, respetando los derechos fundamentales de los gobernados y garantizando el derecho a la defensa y el debido proceso.<br \/>Asimismo se pretende capacitar y fortalecer a los polic\u00edas, dotar al Ministerio P\u00fablico de herramientas y nuevas metodolog\u00edas en la investigaci\u00f3n, para poder llevar a cabo su nueva funci\u00f3n como director en la misma.<br \/>De esta manera, los peritos no solo se limitar\u00e1n a expedir su informe de manera escrita, sino que ser\u00e1n capaces de sostener y defender el mismo en el Juicio Oral.<br \/>De esta manera se crea un sistema en el que ser\u00e1 m\u00e1s f\u00e1cil someter a una persona a proceso, pero ser\u00e1 m\u00e1s dif\u00edcil condenarla, ya que la prisi\u00f3n preventiva ser\u00e1 la excepci\u00f3n y no la regla.<br \/>Por lo anterior, es imperativo que como operadores del nuevo sistema penal oral acusatorio, se conozcan las bondades del sistema y es por esto que, este foro tiene como objeto fundamental, dar a conocer de manera general los principios, tendencias, requerimientos y habilidades esenciales del proceso penal acusatorio.<br \/>Asimismo, el Procurador inst\u00f3 a los participantes a despertar el deseo de prepararse arduamente y de manera continua para estar listos y ofrecer a la sociedad un sistema que garantice la objetividad en la administraci\u00f3n y procuraci\u00f3n de justicia, ya que de esta manera se convertir\u00e1 a Yucat\u00e1n en el Estado Modelo de la Reforma de Seguridad y Justicia, para apostar a que el Estado m\u00e1s seguro del pa\u00eds, sea tambi\u00e9n el m\u00e1s justo.<br \/>Acompa\u00f1aron al Procurador de Justicia en el presidium, el Rector de la Universidad Modelo, Ing. Carlos Sauri Duch; el Lic. Friedman Jes\u00fas Peniche Rivero, Subprocurador de Averiguaciones Previas; la Lic. Ingrid Ivette Priego C\u00e1rdenas, Subprocuradora para la Prevenci\u00f3n del Delito; el Dr. Gabriel Zapata Bello, Secretario Ejecutivo de la Comisi\u00f3n para la Implementaci\u00f3n de la Reforma Penal en Yucat\u00e1n; el Lic. Javier Alberto Le\u00f3n escalante, Director de Averiguaciones Previas, el Lic. Francisco Javier Mendoza Aguilar, Director de Control de Procesos; el C. Carlos Fernando Ru\u00edz Card\u00edn, Director de Identificaci\u00f3n y Servicios Periciales; el Comandante Carlos Enrique Cant\u00f3n Maga\u00f1a, Director de la PJE y la Lic. Adda Marissa Peniche Novelo, Directora de Capacitaci\u00f3n y Actualizaci\u00f3n de Personal de la PGJE. <\/div>\n","protected":false},"excerpt":{"rendered":"<p>Sigue la capacitaci\u00f3n para el personal de la Procuradur\u00eda de Justicia de Yucat\u00e1n, pues la gente que trabaja ah\u00ed hab\u00eda sido olvidada en ese aspecto en los \u00faltimos a\u00f1os. Ahora<\/p>\n","protected":false},"author":1,"featured_media":29522,"comment_status":"open","ping_status":"open","sticky":false,"template":"","format":"standard","meta":{"jetpack_post_was_ever_published":false,"_jetpack_newsletter_access":"","_jetpack_dont_email_post_to_subs":false,"_jetpack_newsletter_tier_id":0,"_jetpack_memberships_contains_paywalled_content":false,"_jetpack_memberships_contains_paid_content":false,"footnotes":"","jetpack_publicize_message":"","jetpack_publicize_feature_enabled":true,"jetpack_social_post_already_shared":false,"jetpack_social_options":{"image_generator_settings":{"template":"highway","default_image_id":0,"font":"","enabled":false},"version":2}},"categories":[1,49],"tags":[],"class_list":["post-9907","post","type-post","status-publish","format-standard","has-post-thumbnail","hentry","category-sin-categoria","category-tocho-morocho"],"jetpack_publicize_connections":[],"jetpack_featured_media_url":"https:\/\/formalprision.com\/wp-content\/uploads\/2010\/04\/hector.jpg","jetpack_sharing_enabled":true,"jetpack_shortlink":"https:\/\/wp.me\/p6id8p-2zN","_links":{"self":[{"href":"https:\/\/formalprision.com\/index.php?rest_route=\/wp\/v2\/posts\/9907","targetHints":{"allow":["GET"]}}],"collection":[{"href":"https:\/\/formalprision.com\/index.php?rest_route=\/wp\/v2\/posts"}],"about":[{"href":"https:\/\/formalprision.com\/index.php?rest_route=\/wp\/v2\/types\/post"}],"author":[{"embeddable":true,"href":"https:\/\/formalprision.com\/index.php?rest_route=\/wp\/v2\/users\/1"}],"replies":[{"embeddable":true,"href":"https:\/\/formalprision.com\/index.php?rest_route=%2Fwp%2Fv2%2Fcomments&post=9907"}],"version-history":[{"count":0,"href":"https:\/\/formalprision.com\/index.php?rest_route=\/wp\/v2\/posts\/9907\/revisions"}],"wp:featuredmedia":[{"embeddable":true,"href":"https:\/\/formalprision.com\/index.php?rest_route=\/wp\/v2\/media\/29522"}],"wp:attachment":[{"href":"https:\/\/formalprision.com\/index.php?rest_route=%2Fwp%2Fv2%2Fmedia&parent=9907"}],"wp:term":[{"taxonomy":"category","embeddable":true,"href":"https:\/\/formalprision.com\/index.php?rest_route=%2Fwp%2Fv2%2Fcategories&post=9907"},{"taxonomy":"post_tag","embeddable":true,"href":"https:\/\/formalprision.com\/index.php?rest_route=%2Fwp%2Fv2%2Ftags&post=9907"}],"curies":[{"name":"wp","href":"https:\/\/api.w.org\/{rel}","templated":true}]}}