{"id":9922,"date":"2010-04-23T18:04:00","date_gmt":"2010-04-23T18:04:00","guid":{"rendered":"http:\/\/formalprision.info\/2010\/04\/23\/motociclista-inactivo-tras-un-choque\/"},"modified":"2015-06-03T09:02:48","modified_gmt":"2015-06-03T09:02:48","slug":"motociclista-inactivo-tras-un-choque","status":"publish","type":"post","link":"https:\/\/formalprision.com\/?p=9922","title":{"rendered":"Motociclista inactivo tras un choque"},"content":{"rendered":"<p><a href=\"http:\/\/3.bp.blogspot.com\/_QwiJz8zwaOw\/S9HimSH2QrI\/AAAAAAAAAQU\/ZVQYF7z2ML0\/s1600\/motor.jpg\"><img decoding=\"async\" id=\"BLOGGER_PHOTO_ID_5463396970304783026\" style=\"float: left; margin: 0px 10px 10px 0px; width: 320px; height: 240px;\" alt=\"\" src=\"http:\/\/formalprision.com\/wp-content\/uploads\/2010\/04\/motor.jpg\" border=\"0\" \/><\/a>Rodrigo P\u00e9rez Garrido pasar\u00e1 por lo menos el fin de semana en la cama de un hospital, pues hoy por la ma\u00f1ana fue atropellado cuando manejaba su motocicleta por el centro de esta ciudad.<\/p>\n<div>M\u00e1s bien pasar\u00e1 m\u00e1s tiempo encamado, pues parece que se quebr\u00f3 una pierna.<\/div>\n<div>El iba manejando a eso de las 10:30 de la ma\u00f1ana la moto placas VCL-69 sobre la calle 53 y al llegar al cruzamiento con la 64 colisiona con la camioneta de la empresa \u201cMayorista de C\u00f3mputo\u201d, que circulaba de sur a norte e iba conducida por Jos\u00e9 Carlos L\u00f3pez Manzanero.<\/div>\n<p><\/p>\n<div>Por el trancazo, el motociclista cay\u00f3 al piso y  no se muri\u00f3 gracias llevaba el casco puesto, pero la misma moto le aprision\u00f3 la pierna izquierda. <\/div>\n<p><\/p>\n<div>Al lugar acudieron de inmediato param\u00e9dicos municipales y le prestaron los primeros auxilios, ya que se quejaba de mucho dolor y todo parece indicar que sufri\u00f3 la fractura de la pierna izquierda, por lo que fue trasladado a la cl\u00ednica T-1 del IMSS en una ambulancia de la Cruz Roja.<br \/>Debido a que los involucrados alegaron tener luz verde del sem\u00e1foro, el percance fue turnado al MP para el deslinde de responsabilidades. <\/div>\n","protected":false},"excerpt":{"rendered":"<p>Rodrigo P\u00e9rez Garrido pasar\u00e1 por lo menos el fin de semana en la cama de un hospital, pues hoy por la ma\u00f1ana fue atropellado cuando manejaba su motocicleta por el<\/p>\n","protected":false},"author":1,"featured_media":29552,"comment_status":"open","ping_status":"open","sticky":false,"template":"","format":"standard","meta":{"jetpack_post_was_ever_published":false,"_jetpack_newsletter_access":"","_jetpack_dont_email_post_to_subs":false,"_jetpack_newsletter_tier_id":0,"_jetpack_memberships_contains_paywalled_content":false,"_jetpack_memberships_contains_paid_content":false,"footnotes":"","jetpack_publicize_message":"","jetpack_publicize_feature_enabled":true,"jetpack_social_post_already_shared":false,"jetpack_social_options":{"image_generator_settings":{"template":"highway","default_image_id":0,"font":"","enabled":false},"version":2}},"categories":[60,1],"tags":[],"class_list":["post-9922","post","type-post","status-publish","format-standard","has-post-thumbnail","hentry","category-cafres","category-sin-categoria"],"jetpack_publicize_connections":[],"jetpack_featured_media_url":"https:\/\/formalprision.com\/wp-content\/uploads\/2010\/04\/motor.jpg","jetpack_sharing_enabled":true,"jetpack_shortlink":"https:\/\/wp.me\/p6id8p-2A2","_links":{"self":[{"href":"https:\/\/formalprision.com\/index.php?rest_route=\/wp\/v2\/posts\/9922","targetHints":{"allow":["GET"]}}],"collection":[{"href":"https:\/\/formalprision.com\/index.php?rest_route=\/wp\/v2\/posts"}],"about":[{"href":"https:\/\/formalprision.com\/index.php?rest_route=\/wp\/v2\/types\/post"}],"author":[{"embeddable":true,"href":"https:\/\/formalprision.com\/index.php?rest_route=\/wp\/v2\/users\/1"}],"replies":[{"embeddable":true,"href":"https:\/\/formalprision.com\/index.php?rest_route=%2Fwp%2Fv2%2Fcomments&post=9922"}],"version-history":[{"count":0,"href":"https:\/\/formalprision.com\/index.php?rest_route=\/wp\/v2\/posts\/9922\/revisions"}],"wp:featuredmedia":[{"embeddable":true,"href":"https:\/\/formalprision.com\/index.php?rest_route=\/wp\/v2\/media\/29552"}],"wp:attachment":[{"href":"https:\/\/formalprision.com\/index.php?rest_route=%2Fwp%2Fv2%2Fmedia&parent=9922"}],"wp:term":[{"taxonomy":"category","embeddable":true,"href":"https:\/\/formalprision.com\/index.php?rest_route=%2Fwp%2Fv2%2Fcategories&post=9922"},{"taxonomy":"post_tag","embeddable":true,"href":"https:\/\/formalprision.com\/index.php?rest_route=%2Fwp%2Fv2%2Ftags&post=9922"}],"curies":[{"name":"wp","href":"https:\/\/api.w.org\/{rel}","templated":true}]}}