{"id":9935,"date":"2010-04-21T15:00:00","date_gmt":"2010-04-21T15:00:00","guid":{"rendered":"http:\/\/formalprision.info\/2010\/04\/21\/decapitado-el-cadaver-encontrado-ayer\/"},"modified":"2015-06-03T09:02:49","modified_gmt":"2015-06-03T09:02:49","slug":"decapitado-el-cadaver-encontrado-ayer","status":"publish","type":"post","link":"https:\/\/formalprision.com\/?p=9935","title":{"rendered":"Decapitado el cad\u00e1ver encontrado ayer"},"content":{"rendered":"<p><a href=\"http:\/\/3.bp.blogspot.com\/_QwiJz8zwaOw\/S88L5CwFIGI\/AAAAAAAAAOc\/9K4M9JnQ1_w\/s1600\/CHOLIN.jpg\"><img decoding=\"async\" id=\"BLOGGER_PHOTO_ID_5462597947642683490\" style=\"FLOAT: left; MARGIN: 0px 10px 10px 0px; WIDTH: 320px; CURSOR: hand; HEIGHT: 240px\" alt=\"\" src=\"http:\/\/formalprision.com\/wp-content\/uploads\/2010\/04\/CHOLIN.jpg\" border=\"0\" \/><\/a><\/p>\n<div>En el mar la vida es m\u00e1s sabrosa, as\u00ed lo dice una conocid\u00edsima canci\u00f3n.<br \/>Pero no es tan cierto, pues f\u00edjense que por estar tanto tiempo en el mar, el cad\u00e1ver hallado ayer ya no tiene cabeza.<\/div>\n<div>El cuerpo est\u00e1 decapitado porque todo parece indicar se comieron la chola los peces grandes. Posiblemente alg\u00fan tibur\u00f3n o alguno m\u00e1s peque\u00f1o, pero voraz..<br \/>Nadie sabe a ciencia cierta si eso fue lo que pas\u00f3,pero el caso es que el cuerpo no tiene cabeza y asi c\u00f3mo lo van a identificar?.<\/div>\n<div>En el Semefo los doctores buscan documentar los lunares y tatuajes que presenta el cuerpo, pero la tarea es muy dif\u00edcil porque el cad\u00e1ver presentaba muy avanzado estado de descomposici\u00f3n, pero finalmente despu\u00e9s de varias horas de trabajos se logr\u00f3la identificaci\u00f3n.<\/div>\n<div>El cad\u00e1ver es el que hallaron ayer unos pescadores flotando a unas 20 millas de Progreso.<\/div>\n<div>;\u00e1s tarde se logr\u00f3 determinar que el cuerpo pertenec\u00eda al pescador Ren\u00e9 Balazar Tec Chan-<\/div>\n<div> <\/div>\n","protected":false},"excerpt":{"rendered":"<p>En el mar la vida es m\u00e1s sabrosa, as\u00ed lo dice una conocid\u00edsima canci\u00f3n.Pero no es tan cierto, pues f\u00edjense que por estar tanto tiempo en el mar, el cad\u00e1ver<\/p>\n","protected":false},"author":1,"featured_media":29577,"comment_status":"open","ping_status":"open","sticky":false,"template":"","format":"standard","meta":{"jetpack_post_was_ever_published":false,"_jetpack_newsletter_access":"","_jetpack_dont_email_post_to_subs":false,"_jetpack_newsletter_tier_id":0,"_jetpack_memberships_contains_paywalled_content":false,"_jetpack_memberships_contains_paid_content":false,"footnotes":"","jetpack_publicize_message":"","jetpack_publicize_feature_enabled":true,"jetpack_social_post_already_shared":false,"jetpack_social_options":{"image_generator_settings":{"template":"highway","default_image_id":0,"font":"","enabled":false},"version":2}},"categories":[1,49],"tags":[],"class_list":["post-9935","post","type-post","status-publish","format-standard","has-post-thumbnail","hentry","category-sin-categoria","category-tocho-morocho"],"jetpack_publicize_connections":[],"jetpack_featured_media_url":"https:\/\/formalprision.com\/wp-content\/uploads\/2010\/04\/CHOLIN.jpg","jetpack_sharing_enabled":true,"jetpack_shortlink":"https:\/\/wp.me\/p6id8p-2Af","_links":{"self":[{"href":"https:\/\/formalprision.com\/index.php?rest_route=\/wp\/v2\/posts\/9935","targetHints":{"allow":["GET"]}}],"collection":[{"href":"https:\/\/formalprision.com\/index.php?rest_route=\/wp\/v2\/posts"}],"about":[{"href":"https:\/\/formalprision.com\/index.php?rest_route=\/wp\/v2\/types\/post"}],"author":[{"embeddable":true,"href":"https:\/\/formalprision.com\/index.php?rest_route=\/wp\/v2\/users\/1"}],"replies":[{"embeddable":true,"href":"https:\/\/formalprision.com\/index.php?rest_route=%2Fwp%2Fv2%2Fcomments&post=9935"}],"version-history":[{"count":0,"href":"https:\/\/formalprision.com\/index.php?rest_route=\/wp\/v2\/posts\/9935\/revisions"}],"wp:featuredmedia":[{"embeddable":true,"href":"https:\/\/formalprision.com\/index.php?rest_route=\/wp\/v2\/media\/29577"}],"wp:attachment":[{"href":"https:\/\/formalprision.com\/index.php?rest_route=%2Fwp%2Fv2%2Fmedia&parent=9935"}],"wp:term":[{"taxonomy":"category","embeddable":true,"href":"https:\/\/formalprision.com\/index.php?rest_route=%2Fwp%2Fv2%2Fcategories&post=9935"},{"taxonomy":"post_tag","embeddable":true,"href":"https:\/\/formalprision.com\/index.php?rest_route=%2Fwp%2Fv2%2Ftags&post=9935"}],"curies":[{"name":"wp","href":"https:\/\/api.w.org\/{rel}","templated":true}]}}