{"id":9950,"date":"2010-04-19T01:24:00","date_gmt":"2010-04-19T01:24:00","guid":{"rendered":"http:\/\/formalprision.info\/2010\/04\/19\/por-americanista-lo-atropellan-en-motu\/"},"modified":"2015-06-03T09:02:51","modified_gmt":"2015-06-03T09:02:51","slug":"por-americanista-lo-atropellan-en-motu","status":"publish","type":"post","link":"https:\/\/formalprision.com\/?p=9950","title":{"rendered":"Por americanista lo atropellan en Motul"},"content":{"rendered":"<p><a onblur=\"try {parent.deselectBloggerImageGracefully();} catch(e) {}\" href=\"http:\/\/1.bp.blogspot.com\/_QwiJz8zwaOw\/S8u0g4UUnFI\/AAAAAAAAAMM\/nSv3AC3aIMQ\/s1600\/cicla.jpg\"><img decoding=\"async\" style=\"display: block; margin: 0px auto 10px; text-align: center; cursor: pointer; width: 473px; height: 385px;\" src=\"http:\/\/formalprision.com\/wp-content\/uploads\/2010\/04\/cicla.jpg\" alt=\"\" id=\"BLOGGER_PHOTO_ID_5461657450083294290\" border=\"0\" \/><\/a><br \/>La polic\u00eda municipal de Motul report\u00f3 la ma\u00f1ana de este domingo un accidente registrado en la curva del libramiento de Motul cerca del Km. 33 + 500, entre el entronque para la comisar\u00eda de Kin\u00ed y la gasolinera.<\/p>\n<p>En el accidente, la unidad 1913 de la Secretar\u00eda de Seguridad P\u00fablica del Estado a cargo del Cmdte. Jes\u00fas Chel Chel hall\u00f3 una bicicleta rodada 26 de color verde con la llanta delantera completamente destrozada, as\u00ed como partes de la misma con golpes incrustada en la barrera de contenci\u00f3n. El otro veh\u00edculo que habr\u00eda chocado la bici se esfum\u00f3 del lugar.<\/p>\n<p>Los polis revisaron 100 metros a la redonda y no se contran nada m\u00e1s que u<a onblur=\"try {parent.deselectBloggerImageGracefully();} catch(e) {}\" href=\"http:\/\/4.bp.blogspot.com\/_QwiJz8zwaOw\/S8u0VRP1RFI\/AAAAAAAAAME\/_k-FxPRSMn0\/s1600\/cicla2.jpg\"><img decoding=\"async\" style=\"float: right; margin: 0pt 0pt 10px 10px; cursor: pointer; width: 281px; height: 206px;\" src=\"http:\/\/formalprision.com\/wp-content\/uploads\/2010\/04\/cicla2.jpg\" alt=\"\" id=\"BLOGGER_PHOTO_ID_5461657250616919122\" border=\"0\" \/><\/a>na gorra con el escudo del equipo de f\u00fatbol Aguilas del Am\u00e9rica de color gris.<\/p>\n<p>En el sitio no se detect\u00f3 ning\u00fan rastro de sangre ni cuerpo humano. Lo \u00fanico que se pudo constatar es que el lesionado es americanista. A lo mejor y por eso lo atropellaron.<\/p>\n<p>En el lugar estuvieron presentes por parte de la Polic\u00eda Municipal de Motul la unidad 7063 a cargo del agente Jimmy Orlando Pech Kuk; tambi\u00e9n se presentaron el Cmdte. Marcelino Ake Chim, el Cmdte. Jos\u00e9 Luis Basto Cim\u00e9, encargado de la Subdirecci\u00f3n de Polic\u00eda y el Cmdte. Luis Manuel Can Rosel, Director de la Corporaci\u00f3n.<\/p>\n<p>Este \u00faltimo inform\u00f3 que tambi\u00e9n se dio parte a la Polic\u00eda Federal Preventiva debido a que es tramo federal, pero debido a que no hubo rastro de lesionado u otro veh\u00edculo involucrado, se procedi\u00f3 a levantar la bicicleta por parte de la Polic\u00eda Municipal de Motul.<\/p>\n","protected":false},"excerpt":{"rendered":"<p>La polic\u00eda municipal de Motul report\u00f3 la ma\u00f1ana de este domingo un accidente registrado en la curva del libramiento de Motul cerca del Km. 33 + 500, entre el entronque<\/p>\n","protected":false},"author":1,"featured_media":29607,"comment_status":"open","ping_status":"open","sticky":false,"template":"","format":"standard","meta":{"jetpack_post_was_ever_published":false,"_jetpack_newsletter_access":"","_jetpack_dont_email_post_to_subs":false,"_jetpack_newsletter_tier_id":0,"_jetpack_memberships_contains_paywalled_content":false,"_jetpack_memberships_contains_paid_content":false,"footnotes":"","jetpack_publicize_message":"","jetpack_publicize_feature_enabled":true,"jetpack_social_post_already_shared":false,"jetpack_social_options":{"image_generator_settings":{"template":"highway","default_image_id":0,"font":"","enabled":false},"version":2}},"categories":[60,1],"tags":[],"class_list":["post-9950","post","type-post","status-publish","format-standard","has-post-thumbnail","hentry","category-cafres","category-sin-categoria"],"jetpack_publicize_connections":[],"jetpack_featured_media_url":"https:\/\/formalprision.com\/wp-content\/uploads\/2010\/04\/cicla.jpg","jetpack_sharing_enabled":true,"jetpack_shortlink":"https:\/\/wp.me\/p6id8p-2Au","_links":{"self":[{"href":"https:\/\/formalprision.com\/index.php?rest_route=\/wp\/v2\/posts\/9950","targetHints":{"allow":["GET"]}}],"collection":[{"href":"https:\/\/formalprision.com\/index.php?rest_route=\/wp\/v2\/posts"}],"about":[{"href":"https:\/\/formalprision.com\/index.php?rest_route=\/wp\/v2\/types\/post"}],"author":[{"embeddable":true,"href":"https:\/\/formalprision.com\/index.php?rest_route=\/wp\/v2\/users\/1"}],"replies":[{"embeddable":true,"href":"https:\/\/formalprision.com\/index.php?rest_route=%2Fwp%2Fv2%2Fcomments&post=9950"}],"version-history":[{"count":0,"href":"https:\/\/formalprision.com\/index.php?rest_route=\/wp\/v2\/posts\/9950\/revisions"}],"wp:featuredmedia":[{"embeddable":true,"href":"https:\/\/formalprision.com\/index.php?rest_route=\/wp\/v2\/media\/29607"}],"wp:attachment":[{"href":"https:\/\/formalprision.com\/index.php?rest_route=%2Fwp%2Fv2%2Fmedia&parent=9950"}],"wp:term":[{"taxonomy":"category","embeddable":true,"href":"https:\/\/formalprision.com\/index.php?rest_route=%2Fwp%2Fv2%2Fcategories&post=9950"},{"taxonomy":"post_tag","embeddable":true,"href":"https:\/\/formalprision.com\/index.php?rest_route=%2Fwp%2Fv2%2Ftags&post=9950"}],"curies":[{"name":"wp","href":"https:\/\/api.w.org\/{rel}","templated":true}]}}