{"id":9960,"date":"2010-04-17T02:21:00","date_gmt":"2010-04-17T02:21:00","guid":{"rendered":"http:\/\/formalprision.info\/2010\/04\/17\/choque-contra-nerio-seis-heridos\/"},"modified":"2015-06-03T09:02:55","modified_gmt":"2015-06-03T09:02:55","slug":"choque-contra-nerio-seis-heridos","status":"publish","type":"post","link":"https:\/\/formalprision.com\/?p=9960","title":{"rendered":"Choque &quot;Nerio contra Nerio&quot;: seis heridos"},"content":{"rendered":"<p><a href=\"http:\/\/1.bp.blogspot.com\/_QwiJz8zwaOw\/S8kddtBrS9I\/AAAAAAAAAKQ\/lTajRdb_CGs\/s1600\/nerio.jpg\"><img decoding=\"async\" id=\"BLOGGER_PHOTO_ID_5460928419303476178\" style=\"float: left; margin: 0px 10px 10px 0px; width: 320px; height: 240px;\" alt=\"\" src=\"http:\/\/formalprision.com\/wp-content\/uploads\/2010\/04\/nerio.jpg\" border=\"0\" \/><\/a>Tremendo choque se registr\u00f3 esta tarde de viernes en la calle 56 con 53.<\/p>\n<div>Los dos veh\u00edculos que se vieron involucrado eneste accidente pertenencen al FUTV y, como hacen cada vez que chocan, los choferes dijeron que ten\u00edan luz verde cuando ocurri\u00f3 el encontronazo.<\/div>\n<p><\/p>\n<div>A la Policia Municipal de M\u00e9rida, que pertenece a un gobierno panista, le vino como anillo al dedo esta aseveraci\u00f3n de los choferes cuyo jefe es Nerio Torres Ortiz, pues decidi\u00f3 lavarse las manos y mandar a ambos con la procuradur\u00eda pri\u00edsta de justicia.<\/div>\n<p><\/p>\n<div>Eran las 6:03 de la tarde, cuando los peritos municipales acudieron a ese lugar porque ahi el taxi del FUTV placas YSB-1034, manejado por Jos\u00e9 Manuel Valdez Torres, circulaba de poniente a oriente sobre la calle 53 y al llegar al cruzamiento con la 56 contin\u00faa su marcha impactando a la Urvan de trasporte colectivo de la ruta Pensiones perteneciente tambi\u00e9n al FUTV, que iba conducido por Miguel Angel Ramos Chan de sur a norte.<\/div>\n<p><\/p>\n<div>Por el golpe, el auto de pasajeros compacto gira sobre su eje quedando a mitad del cruzamiento, en tanto que el colectivo se vuelca sobre su costado izquierdo avanzando unos cinco metros obstruyendo la vialidad de la calle.56. <\/div>\n<p><\/p>\n<div>Al sitio se presentaron param\u00e9dicos municipales as\u00ed como t\u00e9cnicos m\u00e9dicos de la cruz roja y SSP.<br \/>En la camioneta ruta pensiones ven\u00edan como pasajeros Martha Guadalupe Pacheco Medina, de 40 a\u00f1os, quien resulto con esguince cervical y heridas cortantes en brazo derecho; Diana Urtecho, de 52 a\u00f1os, policontundida: Luis Garc\u00eda K\u00fa, de 69 a\u00f1os, policontundido: Jorge Alberto Franco Cocom, de 49, contusi\u00f3n frontal y herida de 3 cent\u00edmetros en la frente;, Ana Mar\u00eda Tun Pech, de 19 a\u00f1os, policontundida. <\/div>\n<p><\/p>\n<div>La primera fue llevada a la cl\u00ednica T1 IMSS por la ambulancia DPM01, la segunda se retiro despu\u00e9s de ser atendida mientras que los cuatro restantes fueron trasladados a bordo de ambulancias de la SSP al hospital O\u2019Hor\u00e1n.<br \/>En el taxi se encontraba como pasajero Antuan Castro Ceballos, de 19 a\u00f1os, quien present\u00f3 contusi\u00f3n en la cabeza y probable esguince cervical; se le ingreso al hospital O\u2019Hor\u00e1n por una ambulancia de la cruz roja.<br \/>Se cerraron las calles 56 x 53, 58 x 53 y 56 x 51 para desviar el tr\u00e1fico y atender a los heridos. Debido a que ambos involucrados alegaron tener luz verde del sem\u00e1foro el percance se turno al MP para el deslinde de responsabilidades. <\/div>\n","protected":false},"excerpt":{"rendered":"<p>Tremendo choque se registr\u00f3 esta tarde de viernes en la calle 56 con 53. Los dos veh\u00edculos que se vieron involucrado eneste accidente pertenencen al FUTV y, como hacen cada<\/p>\n","protected":false},"author":1,"featured_media":29629,"comment_status":"open","ping_status":"open","sticky":false,"template":"","format":"standard","meta":{"jetpack_post_was_ever_published":false,"_jetpack_newsletter_access":"","_jetpack_dont_email_post_to_subs":false,"_jetpack_newsletter_tier_id":0,"_jetpack_memberships_contains_paywalled_content":false,"_jetpack_memberships_contains_paid_content":false,"footnotes":"","jetpack_publicize_message":"","jetpack_publicize_feature_enabled":true,"jetpack_social_post_already_shared":false,"jetpack_social_options":{"image_generator_settings":{"template":"highway","default_image_id":0,"font":"","enabled":false},"version":2}},"categories":[60,1],"tags":[],"class_list":["post-9960","post","type-post","status-publish","format-standard","has-post-thumbnail","hentry","category-cafres","category-sin-categoria"],"jetpack_publicize_connections":[],"jetpack_featured_media_url":"https:\/\/formalprision.com\/wp-content\/uploads\/2010\/04\/nerio.jpg","jetpack_sharing_enabled":true,"jetpack_shortlink":"https:\/\/wp.me\/p6id8p-2AE","_links":{"self":[{"href":"https:\/\/formalprision.com\/index.php?rest_route=\/wp\/v2\/posts\/9960","targetHints":{"allow":["GET"]}}],"collection":[{"href":"https:\/\/formalprision.com\/index.php?rest_route=\/wp\/v2\/posts"}],"about":[{"href":"https:\/\/formalprision.com\/index.php?rest_route=\/wp\/v2\/types\/post"}],"author":[{"embeddable":true,"href":"https:\/\/formalprision.com\/index.php?rest_route=\/wp\/v2\/users\/1"}],"replies":[{"embeddable":true,"href":"https:\/\/formalprision.com\/index.php?rest_route=%2Fwp%2Fv2%2Fcomments&post=9960"}],"version-history":[{"count":0,"href":"https:\/\/formalprision.com\/index.php?rest_route=\/wp\/v2\/posts\/9960\/revisions"}],"wp:featuredmedia":[{"embeddable":true,"href":"https:\/\/formalprision.com\/index.php?rest_route=\/wp\/v2\/media\/29629"}],"wp:attachment":[{"href":"https:\/\/formalprision.com\/index.php?rest_route=%2Fwp%2Fv2%2Fmedia&parent=9960"}],"wp:term":[{"taxonomy":"category","embeddable":true,"href":"https:\/\/formalprision.com\/index.php?rest_route=%2Fwp%2Fv2%2Fcategories&post=9960"},{"taxonomy":"post_tag","embeddable":true,"href":"https:\/\/formalprision.com\/index.php?rest_route=%2Fwp%2Fv2%2Ftags&post=9960"}],"curies":[{"name":"wp","href":"https:\/\/api.w.org\/{rel}","templated":true}]}}