{"id":9964,"date":"2010-04-16T16:46:00","date_gmt":"2010-04-16T16:46:00","guid":{"rendered":"http:\/\/formalprision.info\/2010\/04\/16\/requieren-benito-rosel-para\/"},"modified":"2015-06-03T09:02:55","modified_gmt":"2015-06-03T09:02:55","slug":"requieren-benito-rosel-para","status":"publish","type":"post","link":"https:\/\/formalprision.com\/?p=9964","title":{"rendered":"Requieren a Benito Rosel para investigaci\u00f3n"},"content":{"rendered":"<p><a href=\"http:\/\/1.bp.blogspot.com\/_QwiJz8zwaOw\/S8ianmX4q2I\/AAAAAAAAAJo\/tv6BB-utgTQ\/s1600\/Delegacion-Regional-Fachada%5B1%5D.jpg\"><img decoding=\"async\" id=\"BLOGGER_PHOTO_ID_5460784553293032290\" style=\"float: left; margin: 0px 10px 10px 0px; width: 320px; height: 196px;\" alt=\"\" src=\"http:\/\/formalprision.com\/wp-content\/uploads\/2010\/04\/Delegacion-Regional-Fachada1.jpg\" border=\"0\" \/><\/a>Las m\u00e1ximas autoridades del Instituto Nacional de Migraci\u00f3n requirieron al delegado local de ese instituto, Benito Rosel Isaac, en la ciudad de M\u00e9ixco para que emita un informe detallado de la muerte del dominicano que presuntamente se suicid\u00f3 en las instalaciones de la colonia Garc\u00eda Giner\u00e9s.<\/p>\n<div>Varios funcionarios del INM, incluyendo a Rosel Isaac, est\u00e1n bajo investigaci\u00f3n, pues si bien no habr\u00edan tenido participaci\u00f3n en el deceso, se busca establecer si incumplieron con el procedimiento en este caso.<br \/>Trascendi\u00f3 que Rosel Isaac viaj\u00f3 a la ciudad de M\u00e9xico para informar detalladamente del asunto, adem\u00e1s de que ya envi\u00f3 un informe preliminar y deber\u00e1 entregar otro, a la par de los resultados de la investigaci\u00f3n que realiza la Procuradur\u00eda General de Justicia del Estado de Yucat\u00e1n.<br \/>Al respecto, la PGJE identifica al fallecido como Eriberto Cristiano Moya, quien contaba con 26 a\u00f1os de edad y quien era de procedencia Dominicana.<br \/>Informa que en relaci\u00f3n con los hechos, Iv\u00e1n Rodr\u00edguez, agente de migraci\u00f3n en turno, declar\u00f3 ante el Ministerio P\u00fablico que \u00f3 que el ahora occiso fue detenido el pasado 8 de abril por no contar con sus papeles en regla.<br \/>Ater a temprana hora fue la \u00faltima vez que lo vio con vida, cuando le entreg\u00f3 su ropa para que se ba\u00f1ara, ya que ser\u00eda trasladado a la ciudad de M\u00e9xico.<br \/>Momentos despu\u00e9s el entrevistado le dijo a una vigilante que apagara las luces de la estancia, pero al ver que el ahora occiso no estaba, lo fueron a buscar y lo encontraron en el ba\u00f1o colgado con una camisa que estaba atada a una regadera, por lo que informaron a las autoridades.<br \/>La causa de la muerte fue asfixia por ahorcamiento.<\/div>\n","protected":false},"excerpt":{"rendered":"<p>Las m\u00e1ximas autoridades del Instituto Nacional de Migraci\u00f3n requirieron al delegado local de ese instituto, Benito Rosel Isaac, en la ciudad de M\u00e9ixco para que emita un informe detallado de<\/p>\n","protected":false},"author":1,"featured_media":29635,"comment_status":"open","ping_status":"open","sticky":false,"template":"","format":"standard","meta":{"jetpack_post_was_ever_published":false,"_jetpack_newsletter_access":"","_jetpack_dont_email_post_to_subs":false,"_jetpack_newsletter_tier_id":0,"_jetpack_memberships_contains_paywalled_content":false,"_jetpack_memberships_contains_paid_content":false,"footnotes":"","jetpack_publicize_message":"","jetpack_publicize_feature_enabled":true,"jetpack_social_post_already_shared":false,"jetpack_social_options":{"image_generator_settings":{"template":"highway","default_image_id":0,"font":"","enabled":false},"version":2}},"categories":[1,49],"tags":[],"class_list":["post-9964","post","type-post","status-publish","format-standard","has-post-thumbnail","hentry","category-sin-categoria","category-tocho-morocho"],"jetpack_publicize_connections":[],"jetpack_featured_media_url":"https:\/\/formalprision.com\/wp-content\/uploads\/2010\/04\/Delegacion-Regional-Fachada1.jpg","jetpack_sharing_enabled":true,"jetpack_shortlink":"https:\/\/wp.me\/p6id8p-2AI","_links":{"self":[{"href":"https:\/\/formalprision.com\/index.php?rest_route=\/wp\/v2\/posts\/9964","targetHints":{"allow":["GET"]}}],"collection":[{"href":"https:\/\/formalprision.com\/index.php?rest_route=\/wp\/v2\/posts"}],"about":[{"href":"https:\/\/formalprision.com\/index.php?rest_route=\/wp\/v2\/types\/post"}],"author":[{"embeddable":true,"href":"https:\/\/formalprision.com\/index.php?rest_route=\/wp\/v2\/users\/1"}],"replies":[{"embeddable":true,"href":"https:\/\/formalprision.com\/index.php?rest_route=%2Fwp%2Fv2%2Fcomments&post=9964"}],"version-history":[{"count":0,"href":"https:\/\/formalprision.com\/index.php?rest_route=\/wp\/v2\/posts\/9964\/revisions"}],"wp:featuredmedia":[{"embeddable":true,"href":"https:\/\/formalprision.com\/index.php?rest_route=\/wp\/v2\/media\/29635"}],"wp:attachment":[{"href":"https:\/\/formalprision.com\/index.php?rest_route=%2Fwp%2Fv2%2Fmedia&parent=9964"}],"wp:term":[{"taxonomy":"category","embeddable":true,"href":"https:\/\/formalprision.com\/index.php?rest_route=%2Fwp%2Fv2%2Fcategories&post=9964"},{"taxonomy":"post_tag","embeddable":true,"href":"https:\/\/formalprision.com\/index.php?rest_route=%2Fwp%2Fv2%2Ftags&post=9964"}],"curies":[{"name":"wp","href":"https:\/\/api.w.org\/{rel}","templated":true}]}}