{"id":9965,"date":"2010-04-16T04:42:00","date_gmt":"2010-04-16T04:42:00","guid":{"rendered":"http:\/\/formalprision.info\/2010\/04\/16\/asesinan-suegro-de-diputado-priista\/"},"modified":"2015-06-03T09:02:55","modified_gmt":"2015-06-03T09:02:55","slug":"asesinan-suegro-de-diputado-priista","status":"publish","type":"post","link":"https:\/\/formalprision.com\/?p=9965","title":{"rendered":"Asesinan a suegro de diputado pri\u00edsta"},"content":{"rendered":"<p><a href=\"http:\/\/2.bp.blogspot.com\/_QwiJz8zwaOw\/S8ft_zFN1xI\/AAAAAAAAAJY\/eBms-sW9izw\/s1600\/30416d4f6cb2ce1c6ee6cb63f0aa3d2d%5B1%5D.jpg\"><img decoding=\"async\" id=\"BLOGGER_PHOTO_ID_5460594753509644050\" style=\"float: left; margin: 0px 10px 10px 0px; width: 210px; height: 270px;\" alt=\"\" src=\"http:\/\/formalprision.com\/wp-content\/uploads\/2010\/04\/30416d4f6cb2ce1c6ee6cb63f0aa3d2d1.jpg\" border=\"0\" \/><\/a>Manuel Idelfonso Carvajal Nahuat, suegro del diputado local Jos\u00e9 Luis Alcocer Rosado, fue presuntamente asesinado la madrugada de este jueves en su natal Valladolid.<\/p>\n<div>Este hombre, de 60 a\u00f1os de edad, muri\u00f3 sn una casa de la calle 49 entre 46 y 48 de esa ciudad, cerca del barrio de Sosal.<\/div>\n<p><\/p>\n<div>Los primeros reportes de la polic\u00eda investigadora, Carvajal Nahuat lleg\u00f3 a su casa ebrio la noche del mi\u00e9rcoles y estuvo platicando con su hijo W\u00edllian Carvajal Alcocer, quien fue a visitarlo.<\/div>\n<p><\/p>\n<div>Luego, el sexagenario se qued\u00f3 solo y fue en la ma\u00f1ana de este jueves cuando su ex cu\u00f1ada Marina Alcocer S\u00e1nchez lo visit\u00f3 y encontr\u00f3 el cad\u00e1ver tirado bajo la hamaca-<\/div>\n<p><\/p>\n<div>El cuerpo presentaba dos heridas en la frente,pero al parecer muri\u00f3 de golpes, sin que hasta ahora las aiutoridades informen si fueron producidos deliberadamente, pero todo apunta a un homicidio.<\/div>\n<p><\/p>\n<div><\/div>\n","protected":false},"excerpt":{"rendered":"<p>Manuel Idelfonso Carvajal Nahuat, suegro del diputado local Jos\u00e9 Luis Alcocer Rosado, fue presuntamente asesinado la madrugada de este jueves en su natal Valladolid. Este hombre, de 60 a\u00f1os de<\/p>\n","protected":false},"author":1,"featured_media":29637,"comment_status":"open","ping_status":"open","sticky":false,"template":"","format":"standard","meta":{"jetpack_post_was_ever_published":false,"_jetpack_newsletter_access":"","_jetpack_dont_email_post_to_subs":false,"_jetpack_newsletter_tier_id":0,"_jetpack_memberships_contains_paywalled_content":false,"_jetpack_memberships_contains_paid_content":false,"footnotes":"","jetpack_publicize_message":"","jetpack_publicize_feature_enabled":true,"jetpack_social_post_already_shared":false,"jetpack_social_options":{"image_generator_settings":{"template":"highway","default_image_id":0,"font":"","enabled":false},"version":2}},"categories":[44,1],"tags":[],"class_list":["post-9965","post","type-post","status-publish","format-standard","has-post-thumbnail","hentry","category-morgue","category-sin-categoria"],"jetpack_publicize_connections":[],"jetpack_featured_media_url":"https:\/\/formalprision.com\/wp-content\/uploads\/2010\/04\/30416d4f6cb2ce1c6ee6cb63f0aa3d2d1.jpg","jetpack_sharing_enabled":true,"jetpack_shortlink":"https:\/\/wp.me\/p6id8p-2AJ","_links":{"self":[{"href":"https:\/\/formalprision.com\/index.php?rest_route=\/wp\/v2\/posts\/9965","targetHints":{"allow":["GET"]}}],"collection":[{"href":"https:\/\/formalprision.com\/index.php?rest_route=\/wp\/v2\/posts"}],"about":[{"href":"https:\/\/formalprision.com\/index.php?rest_route=\/wp\/v2\/types\/post"}],"author":[{"embeddable":true,"href":"https:\/\/formalprision.com\/index.php?rest_route=\/wp\/v2\/users\/1"}],"replies":[{"embeddable":true,"href":"https:\/\/formalprision.com\/index.php?rest_route=%2Fwp%2Fv2%2Fcomments&post=9965"}],"version-history":[{"count":0,"href":"https:\/\/formalprision.com\/index.php?rest_route=\/wp\/v2\/posts\/9965\/revisions"}],"wp:featuredmedia":[{"embeddable":true,"href":"https:\/\/formalprision.com\/index.php?rest_route=\/wp\/v2\/media\/29637"}],"wp:attachment":[{"href":"https:\/\/formalprision.com\/index.php?rest_route=%2Fwp%2Fv2%2Fmedia&parent=9965"}],"wp:term":[{"taxonomy":"category","embeddable":true,"href":"https:\/\/formalprision.com\/index.php?rest_route=%2Fwp%2Fv2%2Fcategories&post=9965"},{"taxonomy":"post_tag","embeddable":true,"href":"https:\/\/formalprision.com\/index.php?rest_route=%2Fwp%2Fv2%2Ftags&post=9965"}],"curies":[{"name":"wp","href":"https:\/\/api.w.org\/{rel}","templated":true}]}}