{"id":9966,"date":"2010-04-16T00:20:00","date_gmt":"2010-04-16T00:20:00","guid":{"rendered":"http:\/\/formalprision.info\/2010\/04\/16\/procurador-inaugura-taller-para-mujeres\/"},"modified":"2015-06-03T09:02:55","modified_gmt":"2015-06-03T09:02:55","slug":"procurador-inaugura-taller-para-mujeres","status":"publish","type":"post","link":"https:\/\/formalprision.com\/?p=9966","title":{"rendered":"Procurador inaugura taller para mujeres"},"content":{"rendered":"<p><a href=\"http:\/\/2.bp.blogspot.com\/_QwiJz8zwaOw\/S8etc_qNA0I\/AAAAAAAAAJI\/3V0ue76W0zY\/s1600\/%3D%3Futf-8%3FB%3FcHJvY3UuanBn%3F%3D-767560\"><img decoding=\"async\" src=\"http:\/\/2.bp.blogspot.com\/_QwiJz8zwaOw\/S8etc_qNA0I\/AAAAAAAAAJI\/3V0ue76W0zY\/s320\/%3D%3Futf-8%3FB%3FcHJvY3UuanBn%3F%3D-767560\" alt=\"\" id=\"BLOGGER_PHOTO_ID_5460523786846405442\" border=\"0\" \/><\/a>Como parte del programa \u00abDel Derecho al Hecho en la Equidad para las Mujeres en Yucat\u00e1n\u00bb, dirigido por la Comisi\u00f3n de Equidad y G\u00e9nero del Congreso del Estado, El procurador General de Justicia, Lic. H\u00e9ctor Cabrera Rivero, inaugur\u00f3 el d\u00eda de hoy el taller denominado \u00abMujeres Facilitando el Desarrollo de Mujeres\u00bb dirigido al personal femenino de las diversas \u00e1reas esta dependencia.Durante el marco de la inauguraci\u00f3n, celebrada en el auditorio \u00abErnesto Abreu G\u00f3mez\u00bb de la Procuradur\u00eda General de Justicia, el Procurador reconoci\u00f3 que en diversas ocasiones muchas pr\u00e1cticas sociales da\u00f1an directamente a la mujer y lesionan su integridad, por ello -agreg\u00f3- quienes nos dedicamos a la procuraci\u00f3n de justicia debemos partir del reconocimiento de la existencia de inequidad entre hombres y mujeres, ya que no hacerlo significar\u00e1 condenar a miles de ellas a la marginaci\u00f3n y el sometimiento permanente. Asimismo, ante la Licda. Fabiola Flores Arag\u00f3n, quien estuvo presente en representaci\u00f3n de la Mtra. Doris Candila Echeverr\u00eda, Diputada y Presidenta de la Comisi\u00f3n de Equidad y G\u00e9nero del honorable Congreso del Estado, el Procurador indic\u00f3 que como sociedad democr\u00e1tica debemos asegurar la igualdad de oportunidades y derechos para hombres y mujeres, por lo que existe un compromiso urgente de dise\u00f1ar y poner en marcha pol\u00edticas p\u00fablicas que resuelvan las inequidades sociales y de g\u00e9nero. El taller est\u00e1 dirigido a 30 profesionales que conforman el \u00e1rea de trabajo social, psicolog\u00eda, medicina, ministerio p\u00fablico y \u00e1reas especializadas en atenci\u00f3n a v\u00edctimas, quienes estar\u00e1n instruidas por el Mtro. Jorge Valladares S\u00e1nchez y la Licda. Maricruz Quintal, especialistas de la Consultor\u00eda de Contacto Humano de la Comisi\u00f3n de Equidad y G\u00e9nero.Durante las cinco horas del taller, las participantes recibir\u00e1n, entre otros temas, instrucci\u00f3n sobre t\u00e9cnicas para la eficacia en la formaci\u00f3n de personas, bases para el trabajo en grupos, dise\u00f1o y evaluaci\u00f3n de programas enfocados a la equidad, as\u00ed como gesti\u00f3n y multiplicaci\u00f3n de acciones en las organizaciones civiles.<\/p>\n","protected":false},"excerpt":{"rendered":"<p>Como parte del programa \u00abDel Derecho al Hecho en la Equidad para las Mujeres en Yucat\u00e1n\u00bb, dirigido por la Comisi\u00f3n de Equidad y G\u00e9nero del Congreso del Estado, El procurador<\/p>\n","protected":false},"author":1,"featured_media":0,"comment_status":"open","ping_status":"open","sticky":false,"template":"","format":"standard","meta":{"jetpack_post_was_ever_published":false,"_jetpack_newsletter_access":"","_jetpack_dont_email_post_to_subs":false,"_jetpack_newsletter_tier_id":0,"_jetpack_memberships_contains_paywalled_content":false,"_jetpack_memberships_contains_paid_content":false,"footnotes":"","jetpack_publicize_message":"","jetpack_publicize_feature_enabled":true,"jetpack_social_post_already_shared":false,"jetpack_social_options":{"image_generator_settings":{"template":"highway","default_image_id":0,"font":"","enabled":false},"version":2}},"categories":[1,49],"tags":[],"class_list":["post-9966","post","type-post","status-publish","format-standard","hentry","category-sin-categoria","category-tocho-morocho"],"jetpack_publicize_connections":[],"jetpack_featured_media_url":"","jetpack_sharing_enabled":true,"jetpack_shortlink":"https:\/\/wp.me\/p6id8p-2AK","_links":{"self":[{"href":"https:\/\/formalprision.com\/index.php?rest_route=\/wp\/v2\/posts\/9966","targetHints":{"allow":["GET"]}}],"collection":[{"href":"https:\/\/formalprision.com\/index.php?rest_route=\/wp\/v2\/posts"}],"about":[{"href":"https:\/\/formalprision.com\/index.php?rest_route=\/wp\/v2\/types\/post"}],"author":[{"embeddable":true,"href":"https:\/\/formalprision.com\/index.php?rest_route=\/wp\/v2\/users\/1"}],"replies":[{"embeddable":true,"href":"https:\/\/formalprision.com\/index.php?rest_route=%2Fwp%2Fv2%2Fcomments&post=9966"}],"version-history":[{"count":0,"href":"https:\/\/formalprision.com\/index.php?rest_route=\/wp\/v2\/posts\/9966\/revisions"}],"wp:attachment":[{"href":"https:\/\/formalprision.com\/index.php?rest_route=%2Fwp%2Fv2%2Fmedia&parent=9966"}],"wp:term":[{"taxonomy":"category","embeddable":true,"href":"https:\/\/formalprision.com\/index.php?rest_route=%2Fwp%2Fv2%2Fcategories&post=9966"},{"taxonomy":"post_tag","embeddable":true,"href":"https:\/\/formalprision.com\/index.php?rest_route=%2Fwp%2Fv2%2Ftags&post=9966"}],"curies":[{"name":"wp","href":"https:\/\/api.w.org\/{rel}","templated":true}]}}